{"id":1318,"date":"2018-11-18T17:04:57","date_gmt":"2018-11-18T15:04:57","guid":{"rendered":"http:\/\/noa.bart.sk\/?p=1318"},"modified":"2018-11-18T17:04:57","modified_gmt":"2018-11-18T15:04:57","slug":"i-e-trieda","status":"publish","type":"post","link":"https:\/\/noa.bart.sk\/index.php\/2018\/11\/18\/i-e-trieda\/","title":{"rendered":"I.E trieda"},"content":{"rendered":"<div class=\"_1e-x _n4o\">\n<div class=\"_3_bl\">\n<div class=\"_5w1r _3_om _5wdf\">\n<div class=\"_4gx_\">\n<div class=\"_1aa6\"><span class=\"_5yl5\">Plno tv\u00e1ri \u017eiari<\/span><\/div>\n<div class=\"_1aa6\"><span class=\"_5yl5\"> Chlapcom sa u n\u00e1s dobre dar\u00ed <\/span><\/div>\n<div class=\"_1aa6\"><span class=\"_5yl5\">Lila, Karin v novin\u00e1ch OAKE p\u00ed\u0161u <\/span><\/div>\n<div class=\"_1aa6\"><span class=\"_5yl5\">Samo si pre ro\u017eky h\u013ead\u00e1 skr\u00fd\u0161u <\/span><\/div>\n<div class=\"_1aa6\"><span class=\"_5yl5\">Spredu \u017eeny rozj\u00edmaj\u00fa <\/span><\/div>\n<div class=\"_1aa6\"><span class=\"_5yl5\">St\u00e1le sa tam rehotaj\u00fa <\/span><\/div>\n<div class=\"_1aa6\"><span class=\"_5yl5\">Sarah s Evkou z intern\u00e1tu be\u017e\u00ed <\/span><\/div>\n<div class=\"_1aa6\"><span class=\"_5yl5\">A Julka len st\u00e1le le\u017e\u00ed <\/span><\/div>\n<div class=\"_1aa6\"><span class=\"_5yl5\">Leniek m\u00e1me dos\u0165 <\/span><\/div>\n<div class=\"_1aa6\"><span class=\"_5yl5\">Pani u\u010dite\u013ek\u00e1m na staros\u0165 <\/span><\/div>\n<div class=\"_1aa6\"><span class=\"_5yl5\">P\u00f4jdeme do Lond\u00fdna <\/span><\/div>\n<div class=\"_1aa6\"><span class=\"_5yl5\">K\u00fapime si so\u0161ku Chaplina <\/span><\/div>\n<div class=\"_1aa6\"><span class=\"_5yl5\">B\u00e1se\u0148 lep\u0161ia jak Mar\u00edna<\/span><\/div>\n<\/div>\n<\/div>\n<\/div>\n<\/div>\n<p><!--more--><\/p>\n<p><!--more--><\/p>\n","protected":false},"excerpt":{"rendered":"<p>Plno tv\u00e1ri \u017eiari Chlapcom sa u n\u00e1s dobre dar\u00ed Lila, Karin v novin\u00e1ch OAKE p\u00ed\u0161u Samo si pre ro\u017eky h\u013ead\u00e1 skr\u00fd\u0161u Spredu \u017eeny rozj\u00edmaj\u00fa St\u00e1le sa tam rehotaj\u00fa Sarah s&hellip;<\/p>\n","protected":false},"author":2,"featured_media":0,"comment_status":"open","ping_status":"open","sticky":false,"template":"","format":"standard","meta":{"footnotes":""},"categories":[18],"tags":[],"_links":{"self":[{"href":"https:\/\/noa.bart.sk\/index.php\/wp-json\/wp\/v2\/posts\/1318"}],"collection":[{"href":"https:\/\/noa.bart.sk\/index.php\/wp-json\/wp\/v2\/posts"}],"about":[{"href":"https:\/\/noa.bart.sk\/index.php\/wp-json\/wp\/v2\/types\/post"}],"author":[{"embeddable":true,"href":"https:\/\/noa.bart.sk\/index.php\/wp-json\/wp\/v2\/users\/2"}],"replies":[{"embeddable":true,"href":"https:\/\/noa.bart.sk\/index.php\/wp-json\/wp\/v2\/comments?post=1318"}],"version-history":[{"count":1,"href":"https:\/\/noa.bart.sk\/index.php\/wp-json\/wp\/v2\/posts\/1318\/revisions"}],"predecessor-version":[{"id":1319,"href":"https:\/\/noa.bart.sk\/index.php\/wp-json\/wp\/v2\/posts\/1318\/revisions\/1319"}],"wp:attachment":[{"href":"https:\/\/noa.bart.sk\/index.php\/wp-json\/wp\/v2\/media?parent=1318"}],"wp:term":[{"taxonomy":"category","embeddable":true,"href":"https:\/\/noa.bart.sk\/index.php\/wp-json\/wp\/v2\/categories?post=1318"},{"taxonomy":"post_tag","embeddable":true,"href":"https:\/\/noa.bart.sk\/index.php\/wp-json\/wp\/v2\/tags?post=1318"}],"curies":[{"name":"wp","href":"https:\/\/api.w.org\/{rel}","templated":true}]}}