{"id":1295,"date":"2018-11-06T18:38:21","date_gmt":"2018-11-06T16:38:21","guid":{"rendered":"http:\/\/noa.bart.sk\/?p=1295"},"modified":"2018-11-06T18:39:02","modified_gmt":"2018-11-06T16:39:02","slug":"beseda-o-vzniku-csr","status":"publish","type":"post","link":"https:\/\/noa.bart.sk\/index.php\/2018\/11\/06\/beseda-o-vzniku-csr\/","title":{"rendered":"Beseda o vzniku \u010cSR"},"content":{"rendered":"<p><img loading=\"lazy\" decoding=\"async\" class=\" wp-image-1297 alignleft\" src=\"https:\/\/noa.bart.sk\/wp-content\/uploads\/IMG-74da6969da7d19753eed9a412708e105-V-300x225.jpg\" alt=\"IMG-74da6969da7d19753eed9a412708e105-V\" width=\"220\" height=\"165\" srcset=\"https:\/\/noa.bart.sk\/wp-content\/uploads\/IMG-74da6969da7d19753eed9a412708e105-V-300x225.jpg 300w, https:\/\/noa.bart.sk\/wp-content\/uploads\/IMG-74da6969da7d19753eed9a412708e105-V-80x60.jpg 80w, https:\/\/noa.bart.sk\/wp-content\/uploads\/IMG-74da6969da7d19753eed9a412708e105-V-768x576.jpg 768w, https:\/\/noa.bart.sk\/wp-content\/uploads\/IMG-74da6969da7d19753eed9a412708e105-V-1024x768.jpg 1024w, https:\/\/noa.bart.sk\/wp-content\/uploads\/IMG-74da6969da7d19753eed9a412708e105-V.jpg 1280w\" sizes=\"(max-width: 220px) 100vw, 220px\" \/>Rok 2018 je rokom st\u00e9ho v\u00fdro\u010dia zalo\u017eenia \u010ceskoslovenska. Pri tejto pr\u00edle\u017eitosti sa na na\u0161ej \u0161kole uskuto\u010dnila beseda s p\u00e1nom Mgr. Ondrejom Ficerim, PhD.<!--more--><\/p>\n<p>T\u00e1to beseda bola prospe\u0161n\u00e1 pre \u0161tudentov, ktor\u00ed si chceli zopakova\u0165 veci z hist\u00f3rie a taktie\u017e sa dozvedie\u0165 nov\u00e9 prospe\u0161n\u00e9 poznatky o \u010cSR. Prezent\u00e1cia bola zauj\u00edmav\u00e1 t\u00fdm, \u017ee sa do nej mohlo publikum akt\u00edvne zapoji\u0165. To znamen\u00e1, \u017ee ot\u00e1zkami, ktor\u00e9 d\u00e1val p. Ficeri \u0161tudentom, sa dozvedel, ak\u00fd n\u00e1zor m\u00e1me na ur\u010dit\u00e9 veci.\u00a0 5. november 2018 sa z\u00fa\u010dastnen\u00edm ur\u010dite vryl do pam\u00e4ti \ud83d\ude42<\/p>\n<p>Lenka<\/p>\n","protected":false},"excerpt":{"rendered":"<p>Rok 2018 je rokom st\u00e9ho v\u00fdro\u010dia zalo\u017eenia \u010ceskoslovenska. Pri tejto pr\u00edle\u017eitosti sa na na\u0161ej \u0161kole uskuto\u010dnila beseda s p\u00e1nom Mgr. Ondrejom Ficerim, PhD.<\/p>\n","protected":false},"author":2,"featured_media":0,"comment_status":"open","ping_status":"open","sticky":false,"template":"","format":"standard","meta":{"footnotes":""},"categories":[1],"tags":[],"_links":{"self":[{"href":"https:\/\/noa.bart.sk\/index.php\/wp-json\/wp\/v2\/posts\/1295"}],"collection":[{"href":"https:\/\/noa.bart.sk\/index.php\/wp-json\/wp\/v2\/posts"}],"about":[{"href":"https:\/\/noa.bart.sk\/index.php\/wp-json\/wp\/v2\/types\/post"}],"author":[{"embeddable":true,"href":"https:\/\/noa.bart.sk\/index.php\/wp-json\/wp\/v2\/users\/2"}],"replies":[{"embeddable":true,"href":"https:\/\/noa.bart.sk\/index.php\/wp-json\/wp\/v2\/comments?post=1295"}],"version-history":[{"count":2,"href":"https:\/\/noa.bart.sk\/index.php\/wp-json\/wp\/v2\/posts\/1295\/revisions"}],"predecessor-version":[{"id":1302,"href":"https:\/\/noa.bart.sk\/index.php\/wp-json\/wp\/v2\/posts\/1295\/revisions\/1302"}],"wp:attachment":[{"href":"https:\/\/noa.bart.sk\/index.php\/wp-json\/wp\/v2\/media?parent=1295"}],"wp:term":[{"taxonomy":"category","embeddable":true,"href":"https:\/\/noa.bart.sk\/index.php\/wp-json\/wp\/v2\/categories?post=1295"},{"taxonomy":"post_tag","embeddable":true,"href":"https:\/\/noa.bart.sk\/index.php\/wp-json\/wp\/v2\/tags?post=1295"}],"curies":[{"name":"wp","href":"https:\/\/api.w.org\/{rel}","templated":true}]}}