{"id":1252,"date":"2018-11-04T12:33:28","date_gmt":"2018-11-04T10:33:28","guid":{"rendered":"http:\/\/noa.bart.sk\/?p=1252"},"modified":"2018-11-04T12:33:28","modified_gmt":"2018-11-04T10:33:28","slug":"put-radosti","status":"publish","type":"post","link":"https:\/\/noa.bart.sk\/index.php\/2018\/11\/04\/put-radosti\/","title":{"rendered":"P\u00fa\u0165 radosti"},"content":{"rendered":"<p><img loading=\"lazy\" decoding=\"async\" class=\" wp-image-1256 alignleft\" src=\"https:\/\/noa.bart.sk\/wp-content\/uploads\/45009538_737506366583867_5096119464257126400_n-300x225.jpg\" alt=\"45009538_737506366583867_5096119464257126400_n\" width=\"171\" height=\"128\" srcset=\"https:\/\/noa.bart.sk\/wp-content\/uploads\/45009538_737506366583867_5096119464257126400_n-300x225.jpg 300w, https:\/\/noa.bart.sk\/wp-content\/uploads\/45009538_737506366583867_5096119464257126400_n-80x60.jpg 80w, https:\/\/noa.bart.sk\/wp-content\/uploads\/45009538_737506366583867_5096119464257126400_n-768x576.jpg 768w, https:\/\/noa.bart.sk\/wp-content\/uploads\/45009538_737506366583867_5096119464257126400_n-1024x768.jpg 1024w, https:\/\/noa.bart.sk\/wp-content\/uploads\/45009538_737506366583867_5096119464257126400_n.jpg 1280w\" sizes=\"(max-width: 171px) 100vw, 171px\" \/>Takto pred t\u00fd\u017ed\u0148om 21. okt\u00f3bra sme sa vracali s mojou spolo\u010dn\u00ed\u010dkou domov z P\u00fate radosti vo Vysokej nad Uhom. Tento n\u00e1zov V\u00e1m asi ni\u010d nehovor\u00ed, preto som sa rozhodla nap\u00edsa\u0165 \u010dl\u00e1nok o tomto n\u00e1dhernom mieste, kde za\u017eijete ve\u013ea l\u00e1sky, spozn\u00e1te nov\u00fdch \u013eud\u00ed a v najlep\u0161om pr\u00edpade aj sam\u00fdch seba.<!--more--><\/p>\n<p>U\u017e d\u00e1vnej\u0161ie som chcela spozna\u0165 a hlavne z\u00fa\u010dastni\u0165 sa na \u00a0tejto p\u00fati. Av\u0161ak nemala som vhodn\u00e9ho par\u0165\u00e1ka k tomu, aby tento v\u00fdlet spolu so mnou zrealizoval. A\u017e jedn\u00e9ho d\u0148a som spoznala skvel\u00fa osobu, ktor\u00e1 sa nechala nahovori\u0165 a bez okolkov prijala t\u00fato v\u00fdzvu.<\/p>\n<p>A tak sme sa prihl\u00e1sili na P\u00fa\u0165 radosti a nechali v\u0161etko v Bo\u017e\u00edch ruk\u00e1ch \ud83d\ude42 Ako prv\u00e9 sme si zaobstarali l\u00edstky na vlak so smerom na Trebi\u0161ov. To bolo v\u0161etko, \u010do sme museli urobi\u0165, u\u017e len pr\u00eds\u0165 a necha\u0165 sa un\u00e1\u0161a\u0165 n\u00e1dhernou atmosf\u00e9rou vo Vysokej.<\/p>\n<p>V piatok 19. okt\u00f3bra po poslednej hodine sme sa vybrali na vlakov\u00fa stanicu a pln\u00e9 o\u010dak\u00e1vania sme nast\u00fapili do Rexa, ktor\u00fd mal odchod o 15:01 h a d\u00fafaj\u00fac, \u017ee ideme spr\u00e1vnym vlakom, sme vyst\u00fapili na stanici v Michalovciach. Odtia\u013e sme h\u013eadali autobus, ktor\u00fd n\u00e1s mal odviez\u0165 do Vysokej. \u010eal\u0161ou prek\u00e1\u017ekou bolo, \u017ee sme nevedeli, na ktor\u00fd autobus treba nast\u00fapi\u0165. Ke\u010f\u017ee ten n\u00e1\u0161 nebol ani ozna\u010den\u00fd a okrem neho tam bolo viac autobusov. Av\u0161ak moja par\u0165\u00e1\u010dka zobrala situ\u00e1ciu do vlastn\u00fdch r\u00fak a hne\u010f sa op\u00fdtala jednej salezi\u00e1nskej sestry, \u010di sa chyst\u00e1 na p\u00fa\u0165 a \u010dak\u00e1 na autobus do Vysokej, ke\u010f\u017ee mala pri sebe teenagerov v na\u0161om veku. Odpovedala kladne, a tak sme \u010dakali spolu s \u0148ou. Po chv\u00ed\u013eke sme zbadali n\u00e1\u0161 autobus a nahrnuli sa do\u0148. S mojou spolo\u010dn\u00ed\u010dkou sme si vyd\u00fdchli, ke\u010f sme si uvedomili, \u017ee sed\u00edme v autobuse a vyr\u00e1\u017eame do Vysokej. Bolo to neskuto\u010dn\u00e9.<\/p>\n<p><img loading=\"lazy\" decoding=\"async\" class=\" wp-image-1254 alignleft\" src=\"https:\/\/noa.bart.sk\/wp-content\/uploads\/44904968_331748847590102_7499400622693679104_n-300x212.jpg\" alt=\"44904968_331748847590102_7499400622693679104_n\" width=\"219\" height=\"155\" srcset=\"https:\/\/noa.bart.sk\/wp-content\/uploads\/44904968_331748847590102_7499400622693679104_n-300x212.jpg 300w, https:\/\/noa.bart.sk\/wp-content\/uploads\/44904968_331748847590102_7499400622693679104_n-80x56.jpg 80w, https:\/\/noa.bart.sk\/wp-content\/uploads\/44904968_331748847590102_7499400622693679104_n-768x542.jpg 768w, https:\/\/noa.bart.sk\/wp-content\/uploads\/44904968_331748847590102_7499400622693679104_n-1024x723.jpg 1024w\" sizes=\"(max-width: 219px) 100vw, 219px\" \/>Ke\u010f sme dorazili na miesto, za\u010dala sa registr\u00e1cia o 17:00 h a po kr\u00e1tkom podpisovan\u00ed sa a vyplaten\u00ed pe\u0148az\u00ed sme vst\u00fapili do n\u00e1\u0161ho pr\u00edbytku na nasleduj\u00face tri dni. Ubytovan\u00ed sme boli na z\u00e1kladnej \u0161kole. Povinn\u00e1 v\u00fdbava boli papu\u010de, ale na mieste ste si ich mohli k\u00fapi\u0165 za\u00a0\u00a0\u00a0\u00a0\u00a0 0,50 \u20ac. Mus\u00edm podotkn\u00fa\u0165, \u017ee vybavenie \u0161koly bolo vynikaj\u00face. Sved\u010dila o tom ve\u013ek\u00e1 jed\u00e1le\u0148, telocvi\u010d\u0148a, kde sa konali bohoslu\u017eby a ador\u00e1cie. Takisto boli spr\u00edstupnen\u00e9 sprchy. Po kr\u00e1tkom zozn\u00e1men\u00ed sa so \u0161kolou sme mali ve\u010deru z vlastn\u00fdch z\u00e1sob. Av\u0161ak pri tom zhone sme nestihli k\u00fapi\u0165 jedlo. A ke\u010f sme i\u0161li do obchodu, ktor\u00fd bol ved\u013ea \u0161koly, bol zatvoren\u00fd a pek\u00e1re\u0148 ved\u013ea mala z\u00e1vere\u010dn\u00fa o 18:00 h a v mobile ukazovalo 18:09 h, tak sme sa mohli rozl\u00fa\u010di\u0165 s jedlom. Len\u017ee v \u0161kolskej ta\u0161ke som na\u0161la desiatu a pomaran\u010d z obeda plus nejak\u00e9 k\u00e1venky, P\u00e1n Boh zapla\u0165! O 20:00 h sa za\u010dala sv\u00e4t\u00e1 om\u0161a a \u00favodn\u00e9 slovo, n\u00e1sledne o 21:30 bolo prv\u00e9 stretnutie v skupink\u00e1ch. Ka\u017ed\u00fd bol zaraden\u00fd do skupinky. Skupinky boli rozdelen\u00e9 pod\u013ea veku \u00fa\u010dastn\u00edkov a na \u010dele bol anim\u00e1tor, ktor\u00fd t\u00fato skupinku riadil a mal ju na starosti. Pr\u00e1ve t\u00fdmto sp\u00f4sobom spozn\u00e1te ve\u013ea zauj\u00edmav\u00fdch a l\u00e1skav\u00fdch \u013eud\u00ed.\u00a0 O 22:30 h nasledovala spolo\u010dn\u00e1 ve\u010dern\u00e1 modlitba a sviatos\u0165 zmierenia. A nakoniec o 00:00 ve\u010dierka, silentium.<\/p>\n<p><img loading=\"lazy\" decoding=\"async\" class=\" wp-image-1255 alignleft\" src=\"https:\/\/noa.bart.sk\/wp-content\/uploads\/44979748_313793372684262_6305372888039948288_n-300x200.jpg\" alt=\"44979748_313793372684262_6305372888039948288_n\" width=\"168\" height=\"112\" srcset=\"https:\/\/noa.bart.sk\/wp-content\/uploads\/44979748_313793372684262_6305372888039948288_n-300x200.jpg 300w, https:\/\/noa.bart.sk\/wp-content\/uploads\/44979748_313793372684262_6305372888039948288_n-80x53.jpg 80w, https:\/\/noa.bart.sk\/wp-content\/uploads\/44979748_313793372684262_6305372888039948288_n-768x512.jpg 768w, https:\/\/noa.bart.sk\/wp-content\/uploads\/44979748_313793372684262_6305372888039948288_n-1024x683.jpg 1024w, https:\/\/noa.bart.sk\/wp-content\/uploads\/44979748_313793372684262_6305372888039948288_n.jpg 2048w\" sizes=\"(max-width: 168px) 100vw, 168px\" \/>Nasleduj\u00faci de\u0148 20. okt\u00f3bra v sobotu sa n\u00e1\u0161 de\u0148 za\u010dal bud\u00ed\u010dkom o 07:00 h, hne\u010f za t\u00fdm nasledovala spolo\u010dn\u00e1 rann\u00e1 modlitba o 7:30 h a na\u0161e vyt\u00fa\u017een\u00e9 ra\u0148ajky v skupink\u00e1ch o\u00a0\u00a0 08:00 h. \u010ealej to i\u0161lo ve\u013emi r\u00fdchlo o 09:00 bola predn\u00e1\u0161ka &#8211; o. Dominika Marko\u0161a a po kr\u00e1tkych aktivit\u00e1ch nasledoval obed o 12:00 h a zlat\u00fd klinec d\u0148a nastal putovan\u00edm do rodiska blahoslavenej Anky Koles\u00e1rovej vo Vysokej nad Uhom o 14:00 h. Bolo to kr\u00e1sne. Tam sme za\u017eili ozajstn\u00fa bl\u00edzkos\u0165 Anky. Nav\u0161t\u00edvili sme kostol, kde sme sa pomodlili a\u00a0dom\u010dek, kde vyrastala. Ani sme sa nenazdali a o 17:00 za\u010dala sv\u00e4t\u00e1 om\u0161a, svedectv\u00e1, ador\u00e1cia, sviatos\u0165 zmierenia a nakoniec ve\u010dierka. Na tomto dni pod\u013ea m\u00f4jho n\u00e1zoru bola najkraj\u0161ia ador\u00e1cia, kedy sme za\u017e\u00edvali ak\u00e9si spojenie medzi Ankou a nami. Bolo to tajupln\u00e9 a z\u00e1rove\u0148 kr\u00e1sne.<\/p>\n<p>V nede\u013eu 21. okt\u00f3bra sme po rannej modlitbe a ra\u0148ajk\u00e1ch za\u017e\u00edvali posledn\u00fa sv\u00e4t\u00fa om\u0161u za t\u00fato P\u00fa\u0165 radosti. A n\u00e1sledne sme i\u0161li autobusom a potom vlakom domov do Ko\u0161\u00edc.<\/p>\n<p>T\u00fato p\u00fa\u0165 by som pravdepodobne nikdy neza\u017eila bez mojej \u00fa\u017easnej par\u0165\u00e1\u010dky, spolo\u010dn\u00ed\u010dky, a z\u00e1rove\u0148 kamar\u00e1tky Klaudie, ktorej touto cestou patr\u00ed ve\u013ek\u00e1 v\u010faka. Vyz\u00fdvam aj ostatn\u00fdch, aby sa neb\u00e1li vysk\u00fa\u0161a\u0165 t\u00fato p\u00fa\u0165 bez oh\u013eadu na to, \u010di s\u00fa alebo nie s\u00fa veriaci, preto\u017ee za\u017eij\u00fa ve\u013ea sk\u00fasenost\u00ed a spoznj\u00fa mnoho \u013eud\u00ed. V pr\u00edpade z\u00e1ujmu p\u00ed\u0161te alebo ma priamo kontaktujte.<\/p>\n<p>Lenka<\/p>\n","protected":false},"excerpt":{"rendered":"<p>Takto pred t\u00fd\u017ed\u0148om 21. okt\u00f3bra sme sa vracali s mojou spolo\u010dn\u00ed\u010dkou domov z P\u00fate radosti vo Vysokej nad Uhom. Tento n\u00e1zov V\u00e1m asi ni\u010d nehovor\u00ed, preto som sa rozhodla nap\u00edsa\u0165&hellip;<\/p>\n","protected":false},"author":2,"featured_media":0,"comment_status":"open","ping_status":"open","sticky":false,"template":"","format":"standard","meta":{"footnotes":""},"categories":[1],"tags":[],"_links":{"self":[{"href":"https:\/\/noa.bart.sk\/index.php\/wp-json\/wp\/v2\/posts\/1252"}],"collection":[{"href":"https:\/\/noa.bart.sk\/index.php\/wp-json\/wp\/v2\/posts"}],"about":[{"href":"https:\/\/noa.bart.sk\/index.php\/wp-json\/wp\/v2\/types\/post"}],"author":[{"embeddable":true,"href":"https:\/\/noa.bart.sk\/index.php\/wp-json\/wp\/v2\/users\/2"}],"replies":[{"embeddable":true,"href":"https:\/\/noa.bart.sk\/index.php\/wp-json\/wp\/v2\/comments?post=1252"}],"version-history":[{"count":1,"href":"https:\/\/noa.bart.sk\/index.php\/wp-json\/wp\/v2\/posts\/1252\/revisions"}],"predecessor-version":[{"id":1257,"href":"https:\/\/noa.bart.sk\/index.php\/wp-json\/wp\/v2\/posts\/1252\/revisions\/1257"}],"wp:attachment":[{"href":"https:\/\/noa.bart.sk\/index.php\/wp-json\/wp\/v2\/media?parent=1252"}],"wp:term":[{"taxonomy":"category","embeddable":true,"href":"https:\/\/noa.bart.sk\/index.php\/wp-json\/wp\/v2\/categories?post=1252"},{"taxonomy":"post_tag","embeddable":true,"href":"https:\/\/noa.bart.sk\/index.php\/wp-json\/wp\/v2\/tags?post=1252"}],"curies":[{"name":"wp","href":"https:\/\/api.w.org\/{rel}","templated":true}]}}