{"id":1237,"date":"2018-10-25T17:19:33","date_gmt":"2018-10-25T15:19:33","guid":{"rendered":"http:\/\/noa.bart.sk\/?p=1237"},"modified":"2018-10-25T17:19:33","modified_gmt":"2018-10-25T15:19:33","slug":"16-medzinarodny-veltrh-cvicnych-firiem-krajin-v4","status":"publish","type":"post","link":"https:\/\/noa.bart.sk\/index.php\/2018\/10\/25\/16-medzinarodny-veltrh-cvicnych-firiem-krajin-v4\/","title":{"rendered":"16. Medzin\u00e1rodn\u00fd ve\u013etrh cvi\u010dn\u00fdch firiem kraj\u00edn V4"},"content":{"rendered":"<p><img loading=\"lazy\" decoding=\"async\" class=\" wp-image-1241 alignleft\" src=\"https:\/\/noa.bart.sk\/wp-content\/uploads\/cf3-300x225.jpg\" alt=\"cf3\" width=\"165\" height=\"124\" srcset=\"https:\/\/noa.bart.sk\/wp-content\/uploads\/cf3-300x225.jpg 300w, https:\/\/noa.bart.sk\/wp-content\/uploads\/cf3-80x60.jpg 80w, https:\/\/noa.bart.sk\/wp-content\/uploads\/cf3-768x576.jpg 768w, https:\/\/noa.bart.sk\/wp-content\/uploads\/cf3.jpg 960w\" sizes=\"(max-width: 165px) 100vw, 165px\" \/>Nov\u00e9 medzin\u00e1rodn\u00e9 priate\u013estv\u00e1, zauj\u00edmav\u00e9 podnikate\u013esk\u00e9 n\u00e1pady, odborn\u00e9 prezent\u00e1cie, p\u00fatav\u00fd kult\u00farny program, emot\u00edvne vyhlasovanie v\u00ed\u0165azov a pr\u00ed\u0165a\u017eliv\u00e9 vecn\u00e9 ceny. Aj takto vyzeral u\u017e 16. Medzin\u00e1rodn\u00fd ve\u013etrh cvi\u010dn\u00fdch firiem kraj\u00edn V4 v Ko\u0161iciach.<!--more--><\/p>\n<p>&nbsp;<\/p>\n<p><img loading=\"lazy\" decoding=\"async\" class=\" wp-image-1239 alignleft\" src=\"https:\/\/noa.bart.sk\/wp-content\/uploads\/cf1-153x300.jpg\" alt=\"cf1\" width=\"79\" height=\"155\" srcset=\"https:\/\/noa.bart.sk\/wp-content\/uploads\/cf1-153x300.jpg 153w, https:\/\/noa.bart.sk\/wp-content\/uploads\/cf1-41x80.jpg 41w, https:\/\/noa.bart.sk\/wp-content\/uploads\/cf1.jpg 490w\" sizes=\"(max-width: 79px) 100vw, 79px\" \/>V\u0161etko sa to za\u010dalo sl\u00e1vnostn\u00fdm otvoren\u00edm v stredu 17.10. 2018. Okrem sl\u00e1vnostn\u00e9ho pr\u00edhovoru riadite\u013ea a pr\u00edhovorov ostatn\u00fdch z\u00e1stupcov partnerov a host\u00ed, sme mali mo\u017enos\u0165 v kult\u00farnom programe vidie\u0165 aj \u017eiakov na\u0161ej \u0161koly. Program otvorila Gabika N\u00e9methov\u00e1 so svoj\u00edm tane\u010dn\u00fdch vyst\u00fapen\u00edm. S tancom sa taktie\u017e predstavili aj Martina Sz\u00e9nayov\u00e1 z III.D a Dorota Ba\u0165kov\u00e1 zo IV.E. Okrem tanca sme si mohli vypo\u010du\u0165 aj hru na flautu v podan\u00ed Michaely Chovancovej z III.E triedy a Dominika Jir\u00e1ska zo IV.B triedy s hrou na klav\u00edr. Okrem \u017eiakov na\u0161ej \u0161koly vyst\u00fapili aj \u017eiaci ZU\u0160 na Jant\u00e1rovej ulici a Konzervat\u00f3ria na Timonovej ulici v Ko\u0161iciach, a Veronika Rabada, u\u010dite\u013eka spevu z Konzervat\u00f3ria na Timonovej ulici v Ko\u0161iciach.<\/p>\n<p>&nbsp;<\/p>\n<p>&nbsp;<\/p>\n<p><img loading=\"lazy\" decoding=\"async\" class=\" wp-image-1242 alignleft\" src=\"https:\/\/noa.bart.sk\/wp-content\/uploads\/cf4-300x225.jpg\" alt=\"cf4\" width=\"211\" height=\"158\" srcset=\"https:\/\/noa.bart.sk\/wp-content\/uploads\/cf4-300x225.jpg 300w, https:\/\/noa.bart.sk\/wp-content\/uploads\/cf4-80x60.jpg 80w, https:\/\/noa.bart.sk\/wp-content\/uploads\/cf4-768x576.jpg 768w, https:\/\/noa.bart.sk\/wp-content\/uploads\/cf4.jpg 960w\" sizes=\"(max-width: 211px) 100vw, 211px\" \/>Po otvoren\u00ed sa v\u0161etci hostia spolu s porotou vybrali pomedzi u\u017e pripraven\u00e9 st\u00e1nky cvi\u010dn\u00fdch firiem a pustili sa do fikt\u00edvneho obchodovania. Medzi st\u00e1nkami mohli narazi\u0165 aj na st\u00e1nky cvi\u010dn\u00fdch firiem z na\u0161ej \u0161koly.<\/p>\n<p>V\u010faka ochote z\u00fa\u010dastnen\u00fdch v\u00e1m prin\u00e1\u0161am aj svedectvo \u0161tudenta\u00a0 na\u0161ej \u0161koly <img loading=\"lazy\" decoding=\"async\" class=\" wp-image-1244 alignright\" src=\"https:\/\/noa.bart.sk\/wp-content\/uploads\/cf6-300x223.jpg\" alt=\"cf6\" width=\"238\" height=\"177\" srcset=\"https:\/\/noa.bart.sk\/wp-content\/uploads\/cf6-300x223.jpg 300w, https:\/\/noa.bart.sk\/wp-content\/uploads\/cf6-80x59.jpg 80w, https:\/\/noa.bart.sk\/wp-content\/uploads\/cf6-768x570.jpg 768w, https:\/\/noa.bart.sk\/wp-content\/uploads\/cf6.jpg 960w\" sizes=\"(max-width: 238px) 100vw, 238px\" \/>Mareka T\u00f3tha z V.D triedy. Patr\u00ed do t\u00edmu s cvi\u010dnou firmou In-Energy. Sk\u00fasenosti dlhoro\u010dn\u00e9ho dobrovo\u013en\u00edka pom\u00e1haj\u00faceho s pr\u00edpravou ve\u013etrhu a tohtoro\u010dn\u00e9ho reprezentanta svojej cvi\u010dnej firmy sa daj\u00fa stru\u010dne zhrn\u00fa\u0165 aj takto: \u201eHoci sme sa na ve\u013etrhu z\u00fa\u010dast\u0148ovali aj v\u00a0predch\u00e1dzaj\u00facich rokoch, toto bol prv\u00fd ko\u0161ick\u00fd ve\u013etrh, na ktorom sme sa z\u00fa\u010dastnili spolu s\u00a0firmou. Bolo to \u010dosi nov\u00e9, to ur\u010dite, a\u00a0mysl\u00edm, \u017ee mi (teda, ver\u00edm, \u017ee hovor\u00edm za cel\u00fd t\u00edm) to jednozna\u010dne pomohlo aspo\u0148 s\u010dasti vidie\u0165 perspekt\u00edvou podnikate\u013ea. A\u00a0to najm\u00e4 v\u00a0pr\u00edpadoch, ke\u010f sme sa bavili o\u00a0cen\u00e1ch za jednotliv\u00e9 produkty,\u00a0snahy zo strany z\u00e1kazn\u00edkov o\u00a0ich zjednanie, ke\u010f sme nach\u00e1dzali kompromisy, ktor\u00e9 s\u00fa nepochybne d\u00f4le\u017eit\u00e9 v\u00a0podnikate\u013eskej oblasti, \u010di prekvapiv\u00e9 ot\u00e1zky z\u00e1kazn\u00edkov, ktor\u00e9 som nebol pripraven\u00fd zodpoveda\u0165 a\u00a0na sc\u00e9nu prich\u00e1dzala improviz\u00e1cia; no ver\u00edm, \u017ee pr\u00e1ve tak\u00e9to (hoci len fikt\u00edvne, ale zato ob\u010das i hrani\u010dn\u00e9) situ\u00e1cie ma najre\u00e1lnej\u0161ie dok\u00e1\u017eu pripravi\u0165 na skuto\u010dn\u00e9 pomery a podmienky. Ve\u013etrh a\u00a0jeho \u00fa\u010das\u0165 na \u0148om boli o\u00a0to zauj\u00edmavej\u0161\u00edmi, \u017ee sme sa na \u0148om z\u00fa\u010dastnili s\u00a0ve\u013emi \u0161pecifick\u00fdm produktom, resp. ponukou \u2013 predajom a\u00a0distrib\u00faciou elektriny a\u00a0obecn\u00e9ho osvetlenia. A\u00a0hoci prim\u00e4\u0165 \u013eud\u00ed bolo nepochybne n\u00e1ro\u010dnej\u0161\u00edm &#8211; a\u00a0o\u00a0to sofistikovanej\u0161\u00edmi sme potrebovali by\u0165 &#8211; aby sa zastavili pri na\u0161om st\u00e1nku, mnohokr\u00e1t sa to podarilo \u2013 koniec koncov, mali sme tam i\u00a0najlep\u0161iu reprezentantku, a\u00a0celkovo i\u00a0t\u00edm, ktor\u00fd \u0165ahal za jeden koniec povrazu. Na z\u00e1ver by som len povedal, \u017ee pr\u00edpravy na ve\u013etrh boli zauj\u00edmav\u00fdmi, ob\u010das nejednoduch\u00fdmi, niekedy komick\u00fdmi, no \u00fa\u010das\u0165 na \u0148om bola prospe\u0161n\u00e1 a\u00a0rast d\u00e1vaj\u00faca n\u00e1m v\u0161etk\u00fdm.\u201c<\/p>\n<p>&nbsp;<\/p>\n<p><img loading=\"lazy\" decoding=\"async\" class=\"wp-image-1240 alignleft\" src=\"https:\/\/noa.bart.sk\/wp-content\/uploads\/cf2-300x219.jpg\" alt=\"cf2\" width=\"178\" height=\"130\" srcset=\"https:\/\/noa.bart.sk\/wp-content\/uploads\/cf2-300x219.jpg 300w, https:\/\/noa.bart.sk\/wp-content\/uploads\/cf2-80x58.jpg 80w, https:\/\/noa.bart.sk\/wp-content\/uploads\/cf2-768x560.jpg 768w, https:\/\/noa.bart.sk\/wp-content\/uploads\/cf2.jpg 960w\" sizes=\"(max-width: 178px) 100vw, 178px\" \/>Po dvoch \u00faspe\u0161ne zorganizovan\u00fdch d\u0148och sa ve\u013etrh bl\u00ed\u017eil ku koncu, \u010do ide ruka v ruke s <img loading=\"lazy\" decoding=\"async\" class=\" wp-image-1246 alignright\" src=\"https:\/\/noa.bart.sk\/wp-content\/uploads\/cf8-300x225.jpg\" alt=\"cf8\" width=\"169\" height=\"127\" srcset=\"https:\/\/noa.bart.sk\/wp-content\/uploads\/cf8-300x225.jpg 300w, https:\/\/noa.bart.sk\/wp-content\/uploads\/cf8-80x60.jpg 80w, https:\/\/noa.bart.sk\/wp-content\/uploads\/cf8-768x576.jpg 768w, https:\/\/noa.bart.sk\/wp-content\/uploads\/cf8.jpg 960w\" sizes=\"(max-width: 169px) 100vw, 169px\" \/>vyhlasovan\u00edm v\u00fdsledkov. V\u00ed\u0165azom hlavnej kateg\u00f3rie o Najlep\u0161iu cvi\u010dn\u00fa firmu z cvi\u010dnej firmy <strong>V\u00ednny Sokol, s.r.o.<\/strong> srde\u010dne blaho\u017eel\u00e1me. Takisto chceme pochv\u00e1li\u0165 aj na\u0161ich vlastn\u00fdch \u0161tudentov, ktor\u00ed im d\u00fdchali tesne na krk. Boli to \u0161tudenti z <strong>Ban\u00e1no, s.r.o.,<\/strong> ktor\u00ed si prip\u00edsali kr\u00e1sne 2. miesto v tejto kateg\u00f3rii.<\/p>\n<p>&nbsp;<\/p>\n<p><img loading=\"lazy\" decoding=\"async\" class=\"wp-image-1248 alignleft\" src=\"https:\/\/noa.bart.sk\/wp-content\/uploads\/cf10-225x300.jpg\" alt=\"cf10\" width=\"99\" height=\"132\" srcset=\"https:\/\/noa.bart.sk\/wp-content\/uploads\/cf10-225x300.jpg 225w, https:\/\/noa.bart.sk\/wp-content\/uploads\/cf10-60x80.jpg 60w, https:\/\/noa.bart.sk\/wp-content\/uploads\/cf10.jpg 720w\" sizes=\"(max-width: 99px) 100vw, 99px\" \/>Ostatn\u00ed \u0161tudenti taktie\u017e nesklamali, a tak sa na\u0161a \u0161kola aj tento rok m\u00f4\u017ee pochv\u00e1li\u0165 nieko\u013ek\u00fdmi <img loading=\"lazy\" decoding=\"async\" class=\" wp-image-1247 alignright\" src=\"https:\/\/noa.bart.sk\/wp-content\/uploads\/cf9-225x300.jpg\" alt=\"cf9\" width=\"84\" height=\"112\" srcset=\"https:\/\/noa.bart.sk\/wp-content\/uploads\/cf9-225x300.jpg 225w, https:\/\/noa.bart.sk\/wp-content\/uploads\/cf9-60x80.jpg 60w, https:\/\/noa.bart.sk\/wp-content\/uploads\/cf9.jpg 720w\" sizes=\"(max-width: 84px) 100vw, 84px\" \/>\u00faspechmi: 3. miestom pre <strong>In-ENERGY, s.r.o.<\/strong> v kateg\u00f3rii o Najlep\u0161iu elektronick\u00fa prezent\u00e1ciu a Najlep\u0161ou reprezentantkou CF J<strong>anou Chiarou Petrovou<\/strong> z <strong>IN-ENERGY, s.r.o.<\/strong><\/p>\n<p>&nbsp;<\/p>\n<p>V\u0161etk\u00fdm ocenen\u00fdm gratulujeme a d\u00fafame, \u017ee sa s vami uvid\u00edme i na bud\u00faci rok.<\/p>\n<p>&nbsp;<\/p>\n<p>Marek a Ernest<\/p>\n<p>&nbsp;<\/p>\n","protected":false},"excerpt":{"rendered":"<p>Nov\u00e9 medzin\u00e1rodn\u00e9 priate\u013estv\u00e1, zauj\u00edmav\u00e9 podnikate\u013esk\u00e9 n\u00e1pady, odborn\u00e9 prezent\u00e1cie, p\u00fatav\u00fd kult\u00farny program, emot\u00edvne vyhlasovanie v\u00ed\u0165azov a pr\u00ed\u0165a\u017eliv\u00e9 vecn\u00e9 ceny. Aj takto vyzeral u\u017e 16. Medzin\u00e1rodn\u00fd ve\u013etrh cvi\u010dn\u00fdch firiem kraj\u00edn V4 v&hellip;<\/p>\n","protected":false},"author":2,"featured_media":0,"comment_status":"open","ping_status":"open","sticky":false,"template":"","format":"standard","meta":{"footnotes":""},"categories":[1],"tags":[],"_links":{"self":[{"href":"https:\/\/noa.bart.sk\/index.php\/wp-json\/wp\/v2\/posts\/1237"}],"collection":[{"href":"https:\/\/noa.bart.sk\/index.php\/wp-json\/wp\/v2\/posts"}],"about":[{"href":"https:\/\/noa.bart.sk\/index.php\/wp-json\/wp\/v2\/types\/post"}],"author":[{"embeddable":true,"href":"https:\/\/noa.bart.sk\/index.php\/wp-json\/wp\/v2\/users\/2"}],"replies":[{"embeddable":true,"href":"https:\/\/noa.bart.sk\/index.php\/wp-json\/wp\/v2\/comments?post=1237"}],"version-history":[{"count":1,"href":"https:\/\/noa.bart.sk\/index.php\/wp-json\/wp\/v2\/posts\/1237\/revisions"}],"predecessor-version":[{"id":1250,"href":"https:\/\/noa.bart.sk\/index.php\/wp-json\/wp\/v2\/posts\/1237\/revisions\/1250"}],"wp:attachment":[{"href":"https:\/\/noa.bart.sk\/index.php\/wp-json\/wp\/v2\/media?parent=1237"}],"wp:term":[{"taxonomy":"category","embeddable":true,"href":"https:\/\/noa.bart.sk\/index.php\/wp-json\/wp\/v2\/categories?post=1237"},{"taxonomy":"post_tag","embeddable":true,"href":"https:\/\/noa.bart.sk\/index.php\/wp-json\/wp\/v2\/tags?post=1237"}],"curies":[{"name":"wp","href":"https:\/\/api.w.org\/{rel}","templated":true}]}}