{"id":1216,"date":"2018-10-09T17:57:17","date_gmt":"2018-10-09T15:57:17","guid":{"rendered":"http:\/\/noa.bart.sk\/?p=1216"},"modified":"2018-10-09T17:57:17","modified_gmt":"2018-10-09T15:57:17","slug":"vylet-do-polska","status":"publish","type":"post","link":"https:\/\/noa.bart.sk\/index.php\/2018\/10\/09\/vylet-do-polska\/","title":{"rendered":"V\u00fdlet do Po\u013eska"},"content":{"rendered":"<p><img loading=\"lazy\" decoding=\"async\" class=\"wp-image-1219 alignleft\" src=\"https:\/\/noa.bart.sk\/wp-content\/uploads\/43419087_566201783818500_6216520713449242624_n-300x225.jpg\" alt=\"43419087_566201783818500_6216520713449242624_n\" width=\"219\" height=\"164\" srcset=\"https:\/\/noa.bart.sk\/wp-content\/uploads\/43419087_566201783818500_6216520713449242624_n-300x225.jpg 300w, https:\/\/noa.bart.sk\/wp-content\/uploads\/43419087_566201783818500_6216520713449242624_n-80x60.jpg 80w, https:\/\/noa.bart.sk\/wp-content\/uploads\/43419087_566201783818500_6216520713449242624_n-768x576.jpg 768w, https:\/\/noa.bart.sk\/wp-content\/uploads\/43419087_566201783818500_6216520713449242624_n-1024x768.jpg 1024w, https:\/\/noa.bart.sk\/wp-content\/uploads\/43419087_566201783818500_6216520713449242624_n.jpg 2048w\" sizes=\"(max-width: 219px) 100vw, 219px\" \/>V\u00a0d\u0148och 27. \u2013 28. septembra 2018 sa \u017eiaci 2. a\u00a03. ro\u010dn\u00edka z\u00fa\u010dastnili na pozn\u00e1vacom z\u00e1jazde v\u00a0Osvien\u010dime a\u00a0v meste Krakov v\u00a0Po\u013esku.<!--more--><\/p>\n<p><img loading=\"lazy\" decoding=\"async\" class=\"wp-image-1223 alignleft\" src=\"https:\/\/noa.bart.sk\/wp-content\/uploads\/43504140_10205388430945818_8093258878763925504_n-300x225.jpg\" alt=\"43504140_10205388430945818_8093258878763925504_n\" width=\"199\" height=\"149\" srcset=\"https:\/\/noa.bart.sk\/wp-content\/uploads\/43504140_10205388430945818_8093258878763925504_n-300x225.jpg 300w, https:\/\/noa.bart.sk\/wp-content\/uploads\/43504140_10205388430945818_8093258878763925504_n-80x60.jpg 80w, https:\/\/noa.bart.sk\/wp-content\/uploads\/43504140_10205388430945818_8093258878763925504_n-768x576.jpg 768w, https:\/\/noa.bart.sk\/wp-content\/uploads\/43504140_10205388430945818_8093258878763925504_n.jpg 960w\" sizes=\"(max-width: 199px) 100vw, 199px\" \/>Pozn\u00e1vac\u00ed z\u00e1jazd sa za\u010dal prehliadkou koncentra\u010dn\u00e9ho t\u00e1bora Auschwitz-Birkenau v\u00a0Osvien\u010dime. Mali sme mo\u017enos\u0165 vidie\u0165, ako prebiehal \u017eivot \u013eud\u00ed v\u00a0koncentra\u010dnom t\u00e1bore. Koncentra\u010dn\u00fd t\u00e1bor Osvien\u010dim bol po\u010das druhej svetovej vojny nemeck\u00fd vyhladzovac\u00ed t\u00e1bor. Po nezabudnute\u013enom z\u00e1\u017eitku sa \u017eiaci presunuli do hotela, kde sa vybalili a\u00a0dali si chutn\u00fa ve\u010deru. Po ve\u010deri nav\u0161t\u00edvili so\u013en\u00fa ba\u0148u vo Wieliczke, kde dostali prez\u00fdvky \u201eMartu\u0161ky\u201c po svojej sprievodkyni Marte. Hne\u010f na za\u010diatku prehliadky ich \u010dakalo 300 schodov do podzemia a\u00a03-hodinov\u00e1 prehliadka po bansk\u00fdch chodb\u00e1ch. Po\u010das prehliadky mali mo\u017enos\u0165 ochutn\u00e1va\u0165 so\u013e zo stien bane. Z\u00e1verom prehliadky bol v\u00fdchod z\u00a0bane bansk\u00fdm v\u00fd\u0165ahom, ktor\u00ed si \u017eiaci ve\u013emi u\u017eili.<\/p>\n<p>Druh\u00fd de\u0148 \u00a0za\u010dal prehliadkou mesta Krakov so sprievodky\u0148ou Martou, kde sme nav\u0161t\u00edvili kr\u00e1\u013eovsk\u00fd hrad Wawel pri rieke Visla. V\u00a0hrade sa nach\u00e1dza aj katedr\u00e1la, v\u00a0ktorej bolo korunovan\u00fdch mnoho po\u013esk\u00fdch kr\u00e1\u013eov. Ich prehliadka pokra\u010dovala v\u00a0centre mesta Krakov. Po\u010das obeda dostali \u017eiaci osobn\u00e9 vo\u013eno, ktor\u00e9 str\u00e1vili n\u00e1kupmi v\u00a0obchodnom centre a\u00a0prech\u00e1dzkou po hlavnom n\u00e1mest\u00ed.<\/p>\n<p>Po n\u00e1ro\u010dn\u00fdch dvoch d\u0148och str\u00e1ven\u00fdch spozn\u00e1van\u00edm pamiatok a\u00a0hist\u00f3rie Po\u013eska sme sa unaven\u00ed usadili do autobusu a\u00a0vybrali na 6-hodinov\u00fa cestu domov.<\/p>\n<p>&nbsp;<\/p>\n<p>Andrea<\/p>\n","protected":false},"excerpt":{"rendered":"<p>V\u00a0d\u0148och 27. \u2013 28. septembra 2018 sa \u017eiaci 2. a\u00a03. ro\u010dn\u00edka z\u00fa\u010dastnili na pozn\u00e1vacom z\u00e1jazde v\u00a0Osvien\u010dime a\u00a0v meste Krakov v\u00a0Po\u013esku.<\/p>\n","protected":false},"author":2,"featured_media":0,"comment_status":"open","ping_status":"open","sticky":false,"template":"","format":"standard","meta":{"footnotes":""},"categories":[1],"tags":[],"_links":{"self":[{"href":"https:\/\/noa.bart.sk\/index.php\/wp-json\/wp\/v2\/posts\/1216"}],"collection":[{"href":"https:\/\/noa.bart.sk\/index.php\/wp-json\/wp\/v2\/posts"}],"about":[{"href":"https:\/\/noa.bart.sk\/index.php\/wp-json\/wp\/v2\/types\/post"}],"author":[{"embeddable":true,"href":"https:\/\/noa.bart.sk\/index.php\/wp-json\/wp\/v2\/users\/2"}],"replies":[{"embeddable":true,"href":"https:\/\/noa.bart.sk\/index.php\/wp-json\/wp\/v2\/comments?post=1216"}],"version-history":[{"count":1,"href":"https:\/\/noa.bart.sk\/index.php\/wp-json\/wp\/v2\/posts\/1216\/revisions"}],"predecessor-version":[{"id":1225,"href":"https:\/\/noa.bart.sk\/index.php\/wp-json\/wp\/v2\/posts\/1216\/revisions\/1225"}],"wp:attachment":[{"href":"https:\/\/noa.bart.sk\/index.php\/wp-json\/wp\/v2\/media?parent=1216"}],"wp:term":[{"taxonomy":"category","embeddable":true,"href":"https:\/\/noa.bart.sk\/index.php\/wp-json\/wp\/v2\/categories?post=1216"},{"taxonomy":"post_tag","embeddable":true,"href":"https:\/\/noa.bart.sk\/index.php\/wp-json\/wp\/v2\/tags?post=1216"}],"curies":[{"name":"wp","href":"https:\/\/api.w.org\/{rel}","templated":true}]}}