{"id":1201,"date":"2018-09-28T18:04:46","date_gmt":"2018-09-28T16:04:46","guid":{"rendered":"http:\/\/noa.bart.sk\/?p=1201"},"modified":"2018-09-28T18:04:46","modified_gmt":"2018-09-28T16:04:46","slug":"biela-pastelka-2","status":"publish","type":"post","link":"https:\/\/noa.bart.sk\/index.php\/2018\/09\/28\/biela-pastelka-2\/","title":{"rendered":"Biela pastelka"},"content":{"rendered":"<p><img loading=\"lazy\" decoding=\"async\" class=\"wp-image-1211 alignleft\" src=\"https:\/\/noa.bart.sk\/wp-content\/uploads\/42643216_510705019402224_6487288461245022208_n-300x225.jpg\" alt=\"42643216_510705019402224_6487288461245022208_n\" width=\"204\" height=\"153\" srcset=\"https:\/\/noa.bart.sk\/wp-content\/uploads\/42643216_510705019402224_6487288461245022208_n-300x225.jpg 300w, https:\/\/noa.bart.sk\/wp-content\/uploads\/42643216_510705019402224_6487288461245022208_n-80x60.jpg 80w, https:\/\/noa.bart.sk\/wp-content\/uploads\/42643216_510705019402224_6487288461245022208_n-768x576.jpg 768w, https:\/\/noa.bart.sk\/wp-content\/uploads\/42643216_510705019402224_6487288461245022208_n-1024x768.jpg 1024w\" sizes=\"(max-width: 204px) 100vw, 204px\" \/>D\u0148a 21. septembra 2018 sa na na\u0161ej \u0161kole uskuto\u010dnila verejn\u00e1 zbierka s\u00a0n\u00e1zvom Biela pastelka. T\u00fato zbierku organizuje od roku 2002 \u00dania nevidiacich a\u00a0slabozrak\u00fdch Slovenska, ktor\u00e1 je najv\u00e4\u010d\u0161ou organiz\u00e1ciou svojho druhu u\u00a0n\u00e1s. Zbierka podporuje v\u00fdu\u010dbu \u010d\u00edtania a\u00a0p\u00edsania Braillov\u00e9ho p\u00edsma, n\u00e1cvik samostatn\u00e9ho pohybu s\u00a0bielou palicou, n\u00e1cviky varenia, pr\u00e1ce na po\u010d\u00edta\u010di a\u00a0mnoh\u00e9 in\u00e9.<!--more--><\/p>\n<p>&nbsp;<\/p>\n<p>Na\u0161a \u0161kola sa do tohto projektu tie\u017e zapojila. Zostavilo sa 5 skupiniek dobrovo\u013en\u00edkov, ktor\u00e9 sa rozi\u0161li <img loading=\"lazy\" decoding=\"async\" class=\"wp-image-1208 alignleft\" src=\"https:\/\/noa.bart.sk\/wp-content\/uploads\/42570303_2163833380500100_8680780206941667328_n-\u2013-k\u00f3pia-225x300.jpg\" alt=\"42570303_2163833380500100_8680780206941667328_n \u2013 k\u00f3pia\" width=\"147\" height=\"196\" srcset=\"https:\/\/noa.bart.sk\/wp-content\/uploads\/42570303_2163833380500100_8680780206941667328_n-\u2013-k\u00f3pia-225x300.jpg 225w, https:\/\/noa.bart.sk\/wp-content\/uploads\/42570303_2163833380500100_8680780206941667328_n-\u2013-k\u00f3pia-60x80.jpg 60w, https:\/\/noa.bart.sk\/wp-content\/uploads\/42570303_2163833380500100_8680780206941667328_n-\u2013-k\u00f3pia-768x1024.jpg 768w\" sizes=\"(max-width: 147px) 100vw, 147px\" \/>do okolia na\u0161ej \u0161koly, ako napr\u00edklad ku Letnej ulici, Hronskej ulici \u010di Amfite\u00e1tru. Pr\u00edspevok bol dobrovo\u013en\u00fd, av\u0161ak mal sa pohybova\u0165 okolo jedn\u00e9ho eura za ka\u017ed\u00fa pastelku. \u013dudia d\u00e1vali r\u00f4zne, niektor\u00ed vysyp\u00e1vali posledn\u00e9 drobn\u00e9, ale aspo\u0148 s\u00a0chcen\u00edm men\u0161ej pomoci, in\u00ed boli pre t\u00fato zbierku akoby pripraven\u00ed pre \u0161tedrej\u0161ie obdarovanie. Zozbierala sa slu\u0161n\u00e1 suma pe\u0148az\u00ed, ktor\u00fa sme hne\u010f zaniesli organiz\u00e1torom tohto projektu.<\/p>\n<p>&nbsp;<\/p>\n<p>\u010eakujeme v\u0161etk\u00fdm, ktor\u00ed sa svoj\u00edm pr\u00edspevkom rozhodli podpori\u0165 nevidiacich a\u00a0slabozrak\u00fdch v\u00a0ich \u00fasil\u00ed o\u00a0plnohodnotn\u00fd \u017eivot.<\/p>\n","protected":false},"excerpt":{"rendered":"<p>D\u0148a 21. septembra 2018 sa na na\u0161ej \u0161kole uskuto\u010dnila verejn\u00e1 zbierka s\u00a0n\u00e1zvom Biela pastelka. T\u00fato zbierku organizuje od roku 2002 \u00dania nevidiacich a\u00a0slabozrak\u00fdch Slovenska, ktor\u00e1 je najv\u00e4\u010d\u0161ou organiz\u00e1ciou svojho druhu&hellip;<\/p>\n","protected":false},"author":2,"featured_media":0,"comment_status":"open","ping_status":"open","sticky":false,"template":"","format":"standard","meta":{"footnotes":""},"categories":[1],"tags":[],"_links":{"self":[{"href":"https:\/\/noa.bart.sk\/index.php\/wp-json\/wp\/v2\/posts\/1201"}],"collection":[{"href":"https:\/\/noa.bart.sk\/index.php\/wp-json\/wp\/v2\/posts"}],"about":[{"href":"https:\/\/noa.bart.sk\/index.php\/wp-json\/wp\/v2\/types\/post"}],"author":[{"embeddable":true,"href":"https:\/\/noa.bart.sk\/index.php\/wp-json\/wp\/v2\/users\/2"}],"replies":[{"embeddable":true,"href":"https:\/\/noa.bart.sk\/index.php\/wp-json\/wp\/v2\/comments?post=1201"}],"version-history":[{"count":1,"href":"https:\/\/noa.bart.sk\/index.php\/wp-json\/wp\/v2\/posts\/1201\/revisions"}],"predecessor-version":[{"id":1214,"href":"https:\/\/noa.bart.sk\/index.php\/wp-json\/wp\/v2\/posts\/1201\/revisions\/1214"}],"wp:attachment":[{"href":"https:\/\/noa.bart.sk\/index.php\/wp-json\/wp\/v2\/media?parent=1201"}],"wp:term":[{"taxonomy":"category","embeddable":true,"href":"https:\/\/noa.bart.sk\/index.php\/wp-json\/wp\/v2\/categories?post=1201"},{"taxonomy":"post_tag","embeddable":true,"href":"https:\/\/noa.bart.sk\/index.php\/wp-json\/wp\/v2\/tags?post=1201"}],"curies":[{"name":"wp","href":"https:\/\/api.w.org\/{rel}","templated":true}]}}