{"id":1187,"date":"2018-09-03T17:43:34","date_gmt":"2018-09-03T15:43:34","guid":{"rendered":"http:\/\/noa.bart.sk\/?p=1187"},"modified":"2018-09-04T16:36:22","modified_gmt":"2018-09-04T14:36:22","slug":"aky-odkaz-ma-pre-watsonkarov-lucia-nicholsonova","status":"publish","type":"post","link":"https:\/\/noa.bart.sk\/index.php\/2018\/09\/03\/aky-odkaz-ma-pre-watsonkarov-lucia-nicholsonova\/","title":{"rendered":"Ak\u00fd odkaz m\u00e1 pre \u201cwatsonk\u00e1rov\u201d Lucia Nicholsonov\u00e1?"},"content":{"rendered":"<p><img loading=\"lazy\" decoding=\"async\" class=\"wp-image-1191 alignleft\" src=\"https:\/\/noa.bart.sk\/wp-content\/uploads\/39613670_277261459770852_1561914335213649920_n1-225x300.jpg\" alt=\"39613670_277261459770852_1561914335213649920_n(1)\" width=\"175\" height=\"233\" srcset=\"https:\/\/noa.bart.sk\/wp-content\/uploads\/39613670_277261459770852_1561914335213649920_n1-225x300.jpg 225w, https:\/\/noa.bart.sk\/wp-content\/uploads\/39613670_277261459770852_1561914335213649920_n1-60x80.jpg 60w, https:\/\/noa.bart.sk\/wp-content\/uploads\/39613670_277261459770852_1561914335213649920_n1-768x1025.jpg 768w, https:\/\/noa.bart.sk\/wp-content\/uploads\/39613670_277261459770852_1561914335213649920_n1-767x1024.jpg 767w\" sizes=\"(max-width: 175px) 100vw, 175px\" \/>Mil\u00ed \u010ditatelia, v\u00edtam v\u00e1s v novom \u0161kolskom roku 2018\/2019. Pripravil som si pre v\u00e1s rozhovor s podpredsedn\u00ed\u010dkou N\u00e1rodnej rady Slovenskej republiky, ktor\u00e1 je okrem in\u00e9ho skvel\u00e1 osoba a \u0161portovky\u0148a telom i du\u0161ou. Str\u00e1vili sme spolu nieko\u013eko cyklistick\u00fdch dn\u00ed po\u010das letn\u00fdch pr\u00e1zdnin v Banskej \u0160tiavnici a Bratislave. V rozhovore prin\u00e1\u0161am inform\u00e1cie nielen z politickej sf\u00e9ry, ale aj z tej s\u00fakromnej.<\/p>\n<p><strong>\u00a0<\/strong><\/p>\n<p><strong>\u010co by si chcela e\u0161te v\u00a0\u017eivote dok\u00e1za\u0165?<\/strong><!--more--><\/p>\n<p>&nbsp;<\/p>\n<p><img loading=\"lazy\" decoding=\"async\" class=\"wp-image-1189 alignleft\" src=\"https:\/\/noa.bart.sk\/wp-content\/uploads\/39557646_211222089747926_5889570545699127296_n-300x225.jpg\" alt=\"39557646_211222089747926_5889570545699127296_n\" width=\"215\" height=\"161\" srcset=\"https:\/\/noa.bart.sk\/wp-content\/uploads\/39557646_211222089747926_5889570545699127296_n-300x225.jpg 300w, https:\/\/noa.bart.sk\/wp-content\/uploads\/39557646_211222089747926_5889570545699127296_n-80x60.jpg 80w, https:\/\/noa.bart.sk\/wp-content\/uploads\/39557646_211222089747926_5889570545699127296_n-768x576.jpg 768w, https:\/\/noa.bart.sk\/wp-content\/uploads\/39557646_211222089747926_5889570545699127296_n-1024x768.jpg 1024w\" sizes=\"(max-width: 215px) 100vw, 215px\" \/>\u00a0 Chcela by som, aby v\u00a0\u010dase, ke\u010f to bud\u00fa moje deti vedie\u0165 vyhodnoti\u0165, to znamen\u00e1, \u017ee bud\u00fa dospel\u00e9 a bud\u00fa ma\u0165 rodiny, tak chcem, aby mi povedali, \u017ee som bola dobr\u00e1 mama. Pod\u013ea m\u0148a na v\u0161etko existuje vysok\u00e1 \u0161kola, v\u0161etko sa m\u00f4\u017ee\u0161 nau\u010di\u0165, ale ako by\u0165 dobr\u00fd rodi\u010d, to sa nau\u010di\u0165 nevie\u0161, to jednoducho iba st\u00e1le sk\u00fa\u0161a\u0161. \u010c\u00edm som star\u0161ia, t\u00fdm si viac uvedomujem, \u017ee rodina je jedin\u00e9, na \u010dom naozaj z\u00e1le\u017e\u00ed, v\u0161etko ostatn\u00e9 je tak\u00e9 pominute\u013en\u00e9.<\/p>\n<p>\u010co sa t\u00fdka pracovnej oblasti, v tej by som chcela za\u010da\u0165 p\u00edsa\u0165 knihy. M\u00e1m rozp\u00edsan\u00fdch u\u017e mno\u017estvo kn\u00edh a st\u00e1le si hovor\u00edm, \u017ee sa tomu za\u010dnem venova\u0165, ke\u010f mal\u00fd Kubko odrastie, ale to s\u00fa len v\u00fdhovorky. V skuto\u010dnosti si na to neviem n\u00e1js\u0165 \u010das, neviem obetova\u0165 napr\u00edklad jazdu na bicykli. Ale cel\u00fd \u017eivot c\u00edtim, \u017ee mus\u00edm p\u00edsa\u0165. V\u017edy som rada p\u00edsala a pre m\u0148a je p\u00edsanie aj tak\u00e1 psychohygiena. <strong>A ak\u00fd \u017e\u00e1ner?<\/strong> Asi by som za\u010dala poviedkami. M\u00e1m ve\u013emi rada kvalitn\u00e9 poviedky, ako napr\u00edklad <em>\u201eZrazu klope ktosi na dvere (Etgar Keret)\u201d,<\/em> tak\u017ee poviedkami by som asi za\u010dala, ale ve\u013emi by som potrebovala da\u0165 na papier veci z m\u00f4jho s\u00fakromia, z minulosti, ktor\u00e9 som zamkla do pomyselnej skrine. Tak\u017ee pl\u00e1nujem aj nejak\u00e9 autobiografick\u00e9 dielo zo s\u00fakromia, ale aj z politick\u00e9ho \u017eivota, lebo aj tam sa dej\u00fa veci, o ktor\u00fdch by mali \u013eudia vedie\u0165.<\/p>\n<p>&nbsp;<\/p>\n<p><strong>\u0160portovala si odmala? Ak<\/strong><strong>\u00e9 <\/strong><strong>si mala v\u00fdsledky v \u0161kole?<\/strong><\/p>\n<p>&nbsp;<\/p>\n<p><img loading=\"lazy\" decoding=\"async\" class=\" wp-image-1193 alignleft\" src=\"https:\/\/noa.bart.sk\/wp-content\/uploads\/39623972_1114869398670807_881710760999256064_n-225x300.jpg\" alt=\"39623972_1114869398670807_881710760999256064_n\" width=\"177\" height=\"236\" srcset=\"https:\/\/noa.bart.sk\/wp-content\/uploads\/39623972_1114869398670807_881710760999256064_n-225x300.jpg 225w, https:\/\/noa.bart.sk\/wp-content\/uploads\/39623972_1114869398670807_881710760999256064_n-60x80.jpg 60w, https:\/\/noa.bart.sk\/wp-content\/uploads\/39623972_1114869398670807_881710760999256064_n-768x1022.jpg 768w, https:\/\/noa.bart.sk\/wp-content\/uploads\/39623972_1114869398670807_881710760999256064_n-769x1024.jpg 769w\" sizes=\"(max-width: 177px) 100vw, 177px\" \/>\u00a0\u00a0\u00a0 Na z\u00e1kladnej \u0161kole som bola v\u017edy najlep\u0161ia \u017eia\u010dka. U\u017e vtedy som bola ve\u013emi ambici\u00f3zna. Rada som \u010d\u00edtala, odmali\u010dka som vedela, \u017ee chcem by\u0165 novin\u00e1rkou. Napr\u00edklad, za komunizmu som namiesto ve\u010dern\u00ed\u010dka pozerala telev\u00edzne noviny.<\/p>\n<p>Vtedy som bola ve\u013emi tu\u010dn\u00e9 die\u0165a. Jeden spolu\u017eiak mi dokonca vymyslel prez\u00fdvku \u201eHora-masa.\u201c Povedal to tak r\u00fdchlo, \u017ee som si myslela, \u017ee je to nie\u010do po japonsky, lebo v\u0161etci mi hovorili, \u017ee vyzer\u00e1m ako Japonka, nako\u013eko som mala \u0161ikm\u00e9 o\u010di. V tre\u0165om ro\u010dn\u00edku som pochopila, o \u010dom to je, ke\u010f k n\u00e1m pri\u0161la nov\u00e1 spolu\u017eia\u010dka, ktor\u00e1 bola e\u0161te tu\u010dnej\u0161ia ako ja a jej dal prez\u00fdvku \u201eHora -tuku\u201d.<\/p>\n<p>T\u00fdm, \u017ee som bola tu\u010dn\u00e1, tak som ve\u013ea \u0161portovala, lebo rodi\u010dia n\u00e1s k tomu v\u017edy viedli, ale ja som stra\u0161ne ve\u013ea jedla (to mi zostalo) a evidentne bol pr\u00edjem vy\u0161\u0161\u00ed ako v\u00fddaj. Na strednej \u0161kole som cielene chudla. Neviem, \u010d\u00edm to bolo, ale v tom \u010dase som za\u010dala by\u0165 rebelkou.<\/p>\n<p>\u010co sa t\u00fdka v\u00fdsledkov, humanitn\u00e9 vedy ma ve\u013emi bavili (slovensk\u00fd jazyk, angli\u010dtina, nem\u010dina, dejepis, \u2026) Predmety, ktor\u00e9 ma nebavili, ako napr\u00edklad matematika, v\u00a0t\u00fdch som ve\u013emi nevynikala, jednoducho som sa neprin\u00fatila. To mi ostalo doteraz. Veci, ktor\u00e9 ma nebavia robi\u0165, tak ich neviem robi\u0165 a\u00a0veci, ktor\u00e9 ma bavia, tak do t\u00fdch sa viem tak vlo\u017ei\u0165, a\u017e zab\u00fadam na v\u0161etko ostatn\u00e9.<\/p>\n<p>Tak som to mala s behan\u00edm. M\u00f4j prv\u00fd man\u017eel, Tom- Kana\u010fan, beh\u00e1val. Tam to bol popul\u00e1rny \u0161port, ale na Slovensku v tom \u010dase (ke\u010f sa mi narodil m\u00f4j najstar\u0161\u00ed syn, mala som 22 rokov) e\u0161te \u013eudia nebehali. Tak\u017ee Tom, ke\u010f vybehol do ul\u00edc, v\u0161etci na\u0148ho pozerali a hovorili si: \u201e \u010co je to za idiota?\u201d Ja som st\u00e1le nech\u00e1pala, kam be\u017e\u00ed, tak som si povedala, \u017ee to mus\u00edm vysk\u00fa\u0161a\u0165. Vysk\u00fa\u0161ala som a tot\u00e1lne som tomu prepadla. Bolo jedno obdobie, kedy som beh\u00e1vala dvojf\u00e1zovo. Beh\u00e1vala som 30 km denne. Bola som nato\u013eko sfanatizovan\u00e1, \u017ee ke\u010f som napr\u00edklad zabehla o 2 kilometre menej, tak som bola o polnoci schopn\u00e1 vsta\u0165, obliec\u0165 sa a \u00eds\u0165 beha\u0165. V tom obdob\u00ed som sa nezapojila do \u017eiadnych pretekov, ale keby som behala, tak by som mala brut\u00e1lny \u010das. St\u00e1le som chcela by\u0165 lep\u0161ia, lep\u0161ia a lep\u0161ia a dos\u0165 som si t\u00fdm ubl\u00ed\u017eila, nako\u013eko som stratila v\u0161etok podko\u017en\u00fd tuk.<\/p>\n<p>&nbsp;<\/p>\n<p>&nbsp;<\/p>\n<p><strong>Ak by si si mohla vybra\u0165 ktor<\/strong><strong>\u00e9<\/strong><strong>ko\u013evek povolanie okrem t\u00fdch predo\u0161l\u00fdch, ktor<\/strong><strong>\u00e9 <\/strong><strong>by to bolo?<\/strong><\/p>\n<p>&nbsp;<\/p>\n<p><img loading=\"lazy\" decoding=\"async\" class=\" wp-image-1197 alignleft\" src=\"https:\/\/noa.bart.sk\/wp-content\/uploads\/40652848_291992494925438_6297873449939369984_n-225x300.jpg\" alt=\"40652848_291992494925438_6297873449939369984_n\" width=\"153\" height=\"204\" srcset=\"https:\/\/noa.bart.sk\/wp-content\/uploads\/40652848_291992494925438_6297873449939369984_n-225x300.jpg 225w, https:\/\/noa.bart.sk\/wp-content\/uploads\/40652848_291992494925438_6297873449939369984_n-60x80.jpg 60w, https:\/\/noa.bart.sk\/wp-content\/uploads\/40652848_291992494925438_6297873449939369984_n-768x1024.jpg 768w\" sizes=\"(max-width: 153px) 100vw, 153px\" \/>Spisovate\u013eka alebo triatlonistka. Od septembra idem \u0161tudova\u0165 psychol\u00f3giu na vysok\u00fa \u0161kolu. To je vec, ktorej sa budem ur\u010dite nesk\u00f4r chcie\u0165 venova\u0165. <strong>Pre\u010d<\/strong><strong>o pr<\/strong><strong>\u00e1ve psychol<\/strong><strong>\u00f3<\/strong><strong>giu? <\/strong>Vyberala som si medzi pr\u00e1vom a psychol\u00f3giou a povedala som si, \u017ee pr\u00e1vnikov m\u00e1me v tejto krajine stra\u0161ne ve\u013ea a nie ka\u017ed\u00fd pr\u00e1vnik sa vydaril. Jednoducho ma fascinuje \u013eudsk\u00e1 du\u0161a. Bav\u00ed ma \u013eud\u00ed motivova\u0165 a to by som chcela prep\u00e1ja\u0165 aj so \u0161portom, lebo v tom vid\u00edm tak\u00fd symbol ako v cyklistike. Pr\u00edde\u0161 pod nejak\u00fd kopec a on sa ti zd\u00e1 by\u0165 neuverite\u013ene vysok\u00fd, ale v\u00a0momente, ke\u010f sa nevzd\u00e1\u0161 a\u00a0vylezie\u0161 na\u0148, m\u00e1\u0161 pocit,ako by sa pred tebou sklonil. Ka\u017ed\u00fd kopec m\u00e1 svoj koniec, tak\u017ee sa to d\u00e1 v\u017edy zvl\u00e1dnu\u0165 a potom na teba \u010dak\u00e1 pr\u00edjemn\u00fd zjazd. V\u0161etko sa d\u00e1 v \u017eivote zvl\u00e1dnu\u0165.<\/p>\n<p>&nbsp;<\/p>\n<p><strong>Pre\u010do si sa rozhodla vyda\u0165 na cestu politika?<\/strong><\/p>\n<p><strong>\u00a0<\/strong><\/p>\n<p><strong>\u00a0\u00a0\u00a0\u00a0\u00a0<img loading=\"lazy\" decoding=\"async\" class=\"wp-image-1194 alignleft\" src=\"https:\/\/noa.bart.sk\/wp-content\/uploads\/39685849_2218804188334958_5242457946448723968_n-300x185.jpg\" alt=\"39685849_2218804188334958_5242457946448723968_n\" width=\"229\" height=\"141\" srcset=\"https:\/\/noa.bart.sk\/wp-content\/uploads\/39685849_2218804188334958_5242457946448723968_n-300x185.jpg 300w, https:\/\/noa.bart.sk\/wp-content\/uploads\/39685849_2218804188334958_5242457946448723968_n-80x49.jpg 80w, https:\/\/noa.bart.sk\/wp-content\/uploads\/39685849_2218804188334958_5242457946448723968_n-768x475.jpg 768w, https:\/\/noa.bart.sk\/wp-content\/uploads\/39685849_2218804188334958_5242457946448723968_n-1024x633.jpg 1024w\" sizes=\"(max-width: 229px) 100vw, 229px\" \/>\u00a0 <\/strong>Predt\u00fdm som 15 rokov robila investigat\u00edvnu novin\u00e1rku. Bolo to pre m\u0148a stra\u0161ne frustruj\u00face, \u017ee som st\u00e1le len kritizovala, st\u00e1le som p\u00edsala, ak\u00fd je ten a tamten zl\u00fd, ako to a\u00a0tamto nefunguje. A potom mi tak jedn\u00e9ho d\u0148a pri\u0161lo: \u201eTy st\u00e1le len kritizuje\u0161 a p\u00ed\u0161e\u0161 o tom, ale ni\u010d si neurobila preto, aby to bolo lep\u0161ie,\u201d\u00a0 tak som si povedala, \u017ee ten syst\u00e9m treba meni\u0165 zvn\u00fatra. To bolo v\u00a0momente, ke\u010f som dostala ponuku od Richarda Sul\u00edka \u00eds\u0165 do SaSky. Veci som zv\u00e1\u017eila a sama sebe povedala: \u201eKe\u010f sa tv\u00e1ri\u0161, \u017ee vie\u0161 o tom p\u00edsa\u0165 a\u00a0vie\u0161, ako by to malo by\u0165, tak cho\u010f teraz do tej politiky a\u00a0uk\u00e1\u017e, v \u010dom to ty bude\u0161 robi\u0165 inak.\u201c<\/p>\n<p>Som v politike 8 rokov, ale neviem \u010di som presved\u010dila sam\u00fa seba. <strong>Kedy bol ten zlom? <\/strong>Asi pri Kuciakovi. To bolo dno, kedy som si myslela, \u017ee aj ten m\u00f4j hlas mohol zaznie\u0165 a mohli by sme to tu, v\u00a0tejto krajine zmeni\u0165, ale t\u00e1 karav\u00e1na vlastne ide st\u00e1le \u010falej, urobili kozmetick\u00e9 \u00fapravy a \u013eudia na to naleteli. V\u0161etci spolu pom\u00e1hame vytv\u00e1ra\u0165 klamliv\u00fd obraz, \u017ee t\u00e1to krajina naozaj funguje a sme naozaj pr\u00e1vny \u0161t\u00e1t, ale je to klamstvo. Preto\u017ee dvaja \u013eudia tu pri\u0161li o \u017eivot a ja som 100% presved\u010den\u00e1, \u017ee to s\u00faviselo s\u00a0t\u00fdm, o \u010dom Kuciak p\u00edsal. Do dne\u0161n\u00e9ho d\u0148a nepozn\u00e1 pol\u00edcia mot\u00edv a ani vraha. Vrah ma ani tak nezauj\u00edma, zauj\u00edma ma objedn\u00e1vate\u013e. Je neuverite\u013en\u00e9, \u017ee my sa zob\u00fadzame do nov\u00fdch r\u00e1n a chod\u00edme do parlamentu, kde prij\u00edmame z\u00e1kony o energetike. A vtedy mi to tak do\u0161lo, \u017ee je to tak\u00e1 \u201em\u00e1rnos\u0165 nad m\u00e1rnos\u0165\u201d.<\/p>\n<p>&nbsp;<\/p>\n<p>&nbsp;<\/p>\n<p><strong>\u010co je na tvojom aktu\u00e1lnom povolan\u00ed naj\u013e<\/strong><strong>ah<\/strong><strong>\u0161ie a naopak to naj\u0165a\u017e\u0161ie?<\/strong><\/p>\n<p><strong>\u00a0<\/strong><\/p>\n<p><strong>\u00a0\u00a0\u00a0\u00a0\u00a0\u00a0<img loading=\"lazy\" decoding=\"async\" class=\"wp-image-1188 alignleft\" src=\"https:\/\/noa.bart.sk\/wp-content\/uploads\/39543600_218015835726413_386661165331120128_n-300x225.jpg\" alt=\"39543600_218015835726413_386661165331120128_n\" width=\"235\" height=\"176\" srcset=\"https:\/\/noa.bart.sk\/wp-content\/uploads\/39543600_218015835726413_386661165331120128_n-300x225.jpg 300w, https:\/\/noa.bart.sk\/wp-content\/uploads\/39543600_218015835726413_386661165331120128_n-80x60.jpg 80w, https:\/\/noa.bart.sk\/wp-content\/uploads\/39543600_218015835726413_386661165331120128_n-768x576.jpg 768w, https:\/\/noa.bart.sk\/wp-content\/uploads\/39543600_218015835726413_386661165331120128_n-1024x768.jpg 1024w\" sizes=\"(max-width: 235px) 100vw, 235px\" \/>\u00a0\u00a0 <\/strong>Naj\u013eah\u0161ie je asi to, \u010do ja nerob\u00edm, ale aj o tom m\u00f4\u017ee by\u0165 povolanie poslanca NR, \u017ee nerob\u00ed\u0161 ni\u010d, jednoducho tam len si. Chod\u00ed\u0161 si tam sadn\u00fa\u0165 a \u013eudia o tebe vlastne ani nevedia, \u017ee existuje\u0161. Na za\u010diatku volebn\u00e9ho obdobia povie\u0161 slov\u00ed\u010dko prisah\u00e1m<strong>*<\/strong>, kedy sklad\u00e1\u0161 s\u013eub poslanca a na konci volebn\u00e9ho obdobia od\u00edde\u0161 s nejak\u00fdm po\u010d\u00edta\u010dom. Tak\u00fdch poslancov tam je ve\u013emi ve\u013ea, z t\u00fdch 150 je tak\u00fdch 80. Najhor\u0161ie je na tom, \u017ee ja som podpredsedn\u00ed\u010dka parlamentu, vediem sch\u00f4dze a\u00a0niekedy, ke\u010f vyvol\u00e1m poslanca, neviem ani ako sa vol\u00e1 alebo, ke\u010f ho idem napomen\u00fa\u0165, napr\u00edklad za telefonovanie, \u010do je v rozpore s rokovac\u00edm poriadkom, tak ho oslov\u00edm len \u201ep\u00e1n poslanec, netelefonujte\u201d, nako\u013eko neviem, kto to je a keby som ho stretla na ulici, tak ho u\u017e v\u00f4bec nespozn\u00e1m. Oni tam ni\u010d nerobia, oni stl\u00e1\u010daj\u00fa gomb\u00edky a to je v\u0161etko. Tak\u017ee pr\u00e1ca poslanca vie by\u0165 aj takto \u013eahk\u00e1.<\/p>\n<p>Potom vie by\u0165 t\u00e1to pr\u00e1ca n\u00e1ro\u010dn\u00e1, ke\u010f d\u00e1\u0161 o sebe vedie\u0165, ke\u010f kri\u010d\u00ed\u0161 a vystupuje\u0161 kriticky. A\u00a0to je to naj\u0165a\u017e\u0161ie, lebo \u0165a spozn\u00e1va ka\u017ed\u00fd na ulici. Ka\u017ed\u00fd, kto \u0165a spozn\u00e1, si mysl\u00ed, \u017ee si nejak\u00fd verejn\u00fd produkt, ktor\u00e9mu m\u00f4\u017ee vynada\u0165 a op\u013eu\u0165 ho. V tomto je to dos\u0165 nev\u010fa\u010dn\u00e9. V\u0161etk\u00fdm \u013eu\u010fom vyhovie\u0165 nem\u00f4\u017ee\u0161, v\u017edy sa n\u00e1jdu tak\u00ed, ktor\u00ed, \u0165a nezn\u00e1\u0161aj\u00fa. Hlavne po tom obdob\u00ed ako zabili Kuciaka, potom ako sa tu zm\u00e1ha rast\u00faci extr\u00e9mizmus a tak\u00ed \u013eudia, ktor\u00ed volaj\u00fa po priamej demokracii, to s\u00fa ve\u013emi nebezpe\u010dn\u00e9 hlasy, pod\u013ea m\u0148a. Oni sa radikalizuj\u00fa a ja to ve\u013emi c\u00edtim, t\u00fdm \u017ee som odmietla ochranku a\u00a0limuz\u00ednu, tak ve\u013emi \u010dasto chod\u00edm pe\u0161o, \u010d\u00edm som stra\u0161ne odkryt\u00e1 pred tak\u00fdmito \u013eu\u010fmi, a preto dos\u0165 poci\u0165ujem stratu osobnej slobody. Niekedy sa p\u00fdtam samej seba, \u010di mi to st\u00e1lo za to. V s\u00fakromnej sf\u00e9re som zar\u00e1bala viac, ako zar\u00e1bam teraz. Nejde o to, \u017ee sa s\u0165a\u017eujem, ale vediac to, \u017ee sa niekedy budem c\u00edti\u0165 doslova ohrozen\u00e1, ke\u010f p\u00f4jdem na prech\u00e1dzku s mojimi de\u0165mi, tak by som do toho ne\u0161la.<\/p>\n<p>Aby som nebola tak\u00e1 pesimistick\u00e1, tak na druhej strane je stra\u0161ne fajn, ke\u010f sa stane opak. Ke\u010f ma \u013eudia zastavia a povedia, \u017ee to vn\u00edmaj\u00fa, \u017ee so mnou s\u00fahlasia, \u017ee sa im p\u00e1\u010di, \u010do rob\u00edm a to je naozaj super.<\/p>\n<p>&nbsp;<\/p>\n<p><strong>\u010co rob\u00ed\u0161 vo svojom vo\u013enom \u010dase?<\/strong><\/p>\n<p>&nbsp;<\/p>\n<p>Som s de\u0165mi, bicyklujem, beh\u00e1m, h\u00e1\u010dkujem a stra\u0161ne rada som na na\u0161ej chalupe.<\/p>\n<p>&nbsp;<\/p>\n<p><strong>\u010co by si chcela odk\u00e1za\u0165 \u0161tudentom na\u0161ej \u0161koly?<\/strong><\/p>\n<p><strong>\u00a0<\/strong><\/p>\n<p><strong>\u00a0\u00a0\u00a0\u00a0\u00a0\u00a0 <img loading=\"lazy\" decoding=\"async\" class=\"wp-image-1195 alignleft\" src=\"https:\/\/noa.bart.sk\/wp-content\/uploads\/39762395_224983201529594_3170765833974579200_n-300x225.jpg\" alt=\"39762395_224983201529594_3170765833974579200_n\" width=\"191\" height=\"143\" srcset=\"https:\/\/noa.bart.sk\/wp-content\/uploads\/39762395_224983201529594_3170765833974579200_n-300x225.jpg 300w, https:\/\/noa.bart.sk\/wp-content\/uploads\/39762395_224983201529594_3170765833974579200_n-80x60.jpg 80w, https:\/\/noa.bart.sk\/wp-content\/uploads\/39762395_224983201529594_3170765833974579200_n-768x576.jpg 768w, https:\/\/noa.bart.sk\/wp-content\/uploads\/39762395_224983201529594_3170765833974579200_n-1024x768.jpg 1024w\" sizes=\"(max-width: 191px) 100vw, 191px\" \/><\/strong>Aby sa zauj\u00edmali o to, \u010do sa deje okolo nich. Aby vedeli alebo sa aspo\u0148 sna\u017eili vedie\u0165, \u010do je spr\u00e1vne a nech nepo\u010d\u00favaj\u00fa r\u00f4zne populistick\u00e9 re\u010di a skratkovit\u00e9 vyhl\u00e1senia politikov. Aby sa zauj\u00edmali o veci verejn\u00e9, lebo ich sa to\u00a0 t\u00fdka tie\u017e. Aby za\u010dali rozli\u0161ova\u0165 klam\u00e1ra-populistu od politika, ktor\u00fd to mysl\u00ed naozaj \u00faprimne a m\u00e1 dobr\u00fd program, lebo inak sa ako krajina neposunieme nikam. Obzvl\u00e1\u0161\u0165 to plat\u00ed pri t\u00fdchto mlad\u00fdch \u013eu\u010foch, lebo je neuverite\u013en\u00e9, \u017ee napr\u00edklad Kotleba vyrastal na prvovoli\u010doch, a to je ve\u013emi smutn\u00e9.<\/p>\n<p>Ak niekto nejde voli\u0165 v zmysle \u201e Ja sa do toho nevyzn\u00e1m\u201d, tak nech si od niekoho nech\u00e1 poradi\u0165. Mysl\u00edm si, \u017ee dnes je to\u013eko kandiduj\u00facich subjektov, \u017ee si ka\u017ed\u00fd nie\u010do n\u00e1jde. Alebo nech sa on s\u00e1m za\u010dne nejako anga\u017eova\u0165, ale nech nenech\u00e1 Slovensko napospas, len tak.<\/p>\n<p>\u010ealej by som im odk\u00e1zala, aby cestovali, nech vidia svet. Svet je jedno \u00fa\u017easn\u00e9 miesto, stra\u0161ne rozmanit\u00e9 a farebn\u00e9. To n\u00e1m Slov\u00e1kom ve\u013emi ch\u00fdba, lebo m\u00e1lo \u013eud\u00ed je scestovan\u00fdch. Keby ka\u017ed\u00fd mlad\u00fd \u010dlovek, napr\u00edklad po strednej \u0161kole, \u0161iel na rok niekam, ale nie tak, \u017ee rodi\u010dia mi zaplatia, ale \u00eds\u0165 cestova\u0165, brig\u00e1dova\u0165 po Eur\u00f3pe. A ke\u010f sa potom vr\u00e1tia op\u00e4\u0165 domov a priniesli by v\u0161etko to dobro, \u010do videli, tak si mysl\u00edm, \u017ee by zo Slovenska bola \u00faplne in\u00e1 krajina.<\/p>\n<p>&nbsp;<\/p>\n<p>&nbsp;<\/p>\n<p>&nbsp;<\/p>\n<p>Nikolas Prejsa<\/p>\n<p>&nbsp;<\/p>\n<p>&nbsp;<\/p>\n<p><strong>* <\/strong><em>\u201dS\u013eubujem na svoju \u010des\u0165 a svedomie vernos\u0165 Slovenskej republike. Svoje povinnosti budem plni\u0165 v z\u00e1ujme jej ob\u010danov. Budem dodr\u017e<\/em><em>iava<\/em><em>\u0165 \u00fastavu a ostatn<\/em><em>\u00e9 <\/em><em>z\u00e1kony a pracova\u0165 tak, aby sa uv\u00e1dzali do \u017eivota.&#8220;<\/em><\/p>\n","protected":false},"excerpt":{"rendered":"<p>Mil\u00ed \u010ditatelia, v\u00edtam v\u00e1s v novom \u0161kolskom roku 2018\/2019. Pripravil som si pre v\u00e1s rozhovor s podpredsedn\u00ed\u010dkou N\u00e1rodnej rady Slovenskej republiky, ktor\u00e1 je okrem in\u00e9ho skvel\u00e1 osoba a \u0161portovky\u0148a telom&hellip;<\/p>\n","protected":false},"author":2,"featured_media":0,"comment_status":"open","ping_status":"open","sticky":false,"template":"","format":"standard","meta":{"footnotes":""},"categories":[17],"tags":[],"_links":{"self":[{"href":"https:\/\/noa.bart.sk\/index.php\/wp-json\/wp\/v2\/posts\/1187"}],"collection":[{"href":"https:\/\/noa.bart.sk\/index.php\/wp-json\/wp\/v2\/posts"}],"about":[{"href":"https:\/\/noa.bart.sk\/index.php\/wp-json\/wp\/v2\/types\/post"}],"author":[{"embeddable":true,"href":"https:\/\/noa.bart.sk\/index.php\/wp-json\/wp\/v2\/users\/2"}],"replies":[{"embeddable":true,"href":"https:\/\/noa.bart.sk\/index.php\/wp-json\/wp\/v2\/comments?post=1187"}],"version-history":[{"count":3,"href":"https:\/\/noa.bart.sk\/index.php\/wp-json\/wp\/v2\/posts\/1187\/revisions"}],"predecessor-version":[{"id":1199,"href":"https:\/\/noa.bart.sk\/index.php\/wp-json\/wp\/v2\/posts\/1187\/revisions\/1199"}],"wp:attachment":[{"href":"https:\/\/noa.bart.sk\/index.php\/wp-json\/wp\/v2\/media?parent=1187"}],"wp:term":[{"taxonomy":"category","embeddable":true,"href":"https:\/\/noa.bart.sk\/index.php\/wp-json\/wp\/v2\/categories?post=1187"},{"taxonomy":"post_tag","embeddable":true,"href":"https:\/\/noa.bart.sk\/index.php\/wp-json\/wp\/v2\/tags?post=1187"}],"curies":[{"name":"wp","href":"https:\/\/api.w.org\/{rel}","templated":true}]}}