{"id":1174,"date":"2018-09-03T17:23:03","date_gmt":"2018-09-03T15:23:03","guid":{"rendered":"http:\/\/noa.bart.sk\/?p=1174"},"modified":"2018-09-03T17:23:03","modified_gmt":"2018-09-03T15:23:03","slug":"dofe-dobrodruzstvo-v-litve","status":"publish","type":"post","link":"https:\/\/noa.bart.sk\/index.php\/2018\/09\/03\/dofe-dobrodruzstvo-v-litve\/","title":{"rendered":"Dofe dobrodru\u017estvo v Litve"},"content":{"rendered":"<p><img loading=\"lazy\" decoding=\"async\" class=\" wp-image-1179 alignleft\" src=\"https:\/\/noa.bart.sk\/wp-content\/uploads\/39127252_245604092752953_3234154371532980224_n-300x225.jpg\" alt=\"39127252_245604092752953_3234154371532980224_n\" width=\"255\" height=\"191\" srcset=\"https:\/\/noa.bart.sk\/wp-content\/uploads\/39127252_245604092752953_3234154371532980224_n-300x225.jpg 300w, https:\/\/noa.bart.sk\/wp-content\/uploads\/39127252_245604092752953_3234154371532980224_n-80x60.jpg 80w, https:\/\/noa.bart.sk\/wp-content\/uploads\/39127252_245604092752953_3234154371532980224_n-768x576.jpg 768w, https:\/\/noa.bart.sk\/wp-content\/uploads\/39127252_245604092752953_3234154371532980224_n-1024x768.jpg 1024w\" sizes=\"(max-width: 255px) 100vw, 255px\" \/>Ml\u00e1de\u017en\u00edcka v\u00fdmena\u00a0 \u201eSharp mind-strong voice\u201c \u2013 synonymum pre 7 dn\u00ed pln\u00fdch \u017eurnalistiky, diskusi\u00ed na r\u00f4zne t\u00e9my, z\u00e1\u017eitkov, z\u00e1bavy a\u00a0nezabudnute\u013en\u00fdch spomienok s\u00a0\u013eu\u010fmi zo \u0161tyroch kraj\u00edn Eur\u00f3py.<\/p>\n<p>D\u0148a 29.7.2018, 04:00 za\u010d\u00edname na\u0161e letn\u00e9 dobrodru\u017estvo!<br \/>\nPiati odv\u00e1\u017elivci z\u00a0cel\u00e9ho Slovenska (Andrea, Karol\u00edna, Michal, Simona a\u00a0Veronika), Rak\u00fa\u0161an (Florian) \u0161tuduj\u00faci na Slovensku a\u00a0ve\u013emi odv\u00e1\u017ena ved\u00faca n\u00e1\u0161ho t\u00edmu (Danka) vyr\u00e1\u017eaj\u00fa smer Litva.<br \/>\nHne\u010f po pr\u00edchode do tr\u00e9ningov\u00e9ho centra \u201cDaugirdiskes\u201d, 50 km od Vilniusu, \u201ena samote u\u00a0lesa\u201c, sa stret\u00e1vame s\u00a0\u010fal\u0161\u00edmi skupinami z\u00a0\u010ceskej republiky,\u00a0Litvy a\u00a0Slovinska. Prvou v\u00fdzvou t\u00fd\u017ed\u0148a bolo nau\u010di\u0165 sa v\u0161etky men\u00e1 \u00fa\u010dastn\u00edkov a\u00a0ved\u00facich.<!--more--><\/p>\n<p><img loading=\"lazy\" decoding=\"async\" class=\"wp-image-1181 alignleft\" src=\"https:\/\/noa.bart.sk\/wp-content\/uploads\/39161577_301052260641870_926914179393126400_n-300x225.jpg\" alt=\"39161577_301052260641870_926914179393126400_n\" width=\"168\" height=\"126\" srcset=\"https:\/\/noa.bart.sk\/wp-content\/uploads\/39161577_301052260641870_926914179393126400_n-300x225.jpg 300w, https:\/\/noa.bart.sk\/wp-content\/uploads\/39161577_301052260641870_926914179393126400_n-80x60.jpg 80w, https:\/\/noa.bart.sk\/wp-content\/uploads\/39161577_301052260641870_926914179393126400_n-768x576.jpg 768w, https:\/\/noa.bart.sk\/wp-content\/uploads\/39161577_301052260641870_926914179393126400_n-1024x768.jpg 1024w, https:\/\/noa.bart.sk\/wp-content\/uploads\/39161577_301052260641870_926914179393126400_n.jpg 1060w\" sizes=\"(max-width: 168px) 100vw, 168px\" \/>Ka\u017ed\u00e9 r\u00e1no sa za\u010d\u00ednalo (\u201en\u00fatenou\u201c) polhodinovou rozcvi\u010dkou pred ra\u0148ajkami. Hne\u010f, ako sme na\u010derpali sily, za\u010dal sa program nabit\u00fd skvel\u00fdmi aktivitami. Od diskusi\u00ed na t\u00e9my oh\u013eadom \u013eudsk\u00fdch pr\u00e1v, men\u0161\u00edn, ute\u010dencov a\u00a0imigrantov a\u017e po workshopy kritick\u00e9ho myslenia \u010di prezent\u00e1cie od expertov na tvorbu vide\u00ed a\u00a0\u010dl\u00e1nkov.<br \/>\nOkrem t\u00fdchto aktiv\u00edt sme tie\u017e boli na celodennom v\u00fdlete, po\u010das ktor\u00e9ho sme nav\u0161t\u00edvili dedinku a\u00a0hrad Trakai a\u00a0hlavn\u00e9 mesto Litvy &#8211; Vilnius. V\u00fdlet zah\u0155\u0148al aj \u201ehranie sa na \u017eurnalistov\u201c, ke\u010f sme zis\u0165ovali r\u00f4zne inform\u00e1cie, nat\u00e1\u010dali vide\u00e1 a robili rozhovory s\u00a0dom\u00e1cimi. Tie\u017e sme mali mo\u017enos\u0165 ochutna\u0165 tradi\u010dn\u00e9 litovsk\u00e9 jedlo \u2013 cepelinai.<br \/>\nVe\u010dery sme tr\u00e1vili \u010dlapkan\u00edm sa v jazer\u00e1ch, ktor\u00fdch tu maj\u00fa ne\u00farekom. Potom sme sa \u201eh\u00e1dali\u201c pri stoln\u00fdch hr\u00e1ch, mali movie night alebo diskot\u00e9ku.<br \/>\nAko sme sa viac a\u00a0viac spozn\u00e1vali, tie\u017e sme sa u\u010dili ve\u013ea nov\u00fdch vec\u00ed a\u00a0po\u010das p\u00e1r posledn\u00fdch dn\u00ed sme si aj prakticky vysk\u00fa\u0161ali nap\u00edsa\u0165 report\u00e1\u017e alebo esej a\u00a0nato\u010di\u0165 a\u00a0postriha\u0165 video.<br \/>\nNakoniec sa n\u00e1m ani nechcelo od\u00eds\u0165 od nov\u00fdch priate\u013eov a\u00a0skvel\u00e9ho prostredia, ale ke\u010f\u017ee mus\u00edme, odch\u00e1dzame s nov\u00fdmi z\u00e1\u017eitkami, u\u017eito\u010dn\u00fdmi poznatkami a nenahradite\u013en\u00fdmi sk\u00fasenos\u0165ami.<\/p>\n<p><img loading=\"lazy\" decoding=\"async\" class=\"wp-image-1175 alignleft\" src=\"https:\/\/noa.bart.sk\/wp-content\/uploads\/38985161_1987062591359639_7044504341268398080_n-300x225.jpg\" alt=\"38985161_1987062591359639_7044504341268398080_n\" width=\"227\" height=\"170\" srcset=\"https:\/\/noa.bart.sk\/wp-content\/uploads\/38985161_1987062591359639_7044504341268398080_n-300x225.jpg 300w, https:\/\/noa.bart.sk\/wp-content\/uploads\/38985161_1987062591359639_7044504341268398080_n-80x60.jpg 80w, https:\/\/noa.bart.sk\/wp-content\/uploads\/38985161_1987062591359639_7044504341268398080_n-768x576.jpg 768w, https:\/\/noa.bart.sk\/wp-content\/uploads\/38985161_1987062591359639_7044504341268398080_n-1024x768.jpg 1024w\" sizes=\"(max-width: 227px) 100vw, 227px\" \/>Dojmy slovensk\u00e9ho t\u00edmu:<\/p>\n<p>A\u010fka: \u201eT\u00fd\u017ede\u0148 str\u00e1ven\u00fd v\u00a0Litve bol pre m\u0148a najlep\u0161\u00edm z\u00e1\u017eitkom tohto leta. Som nesmierne v\u010fa\u010dn\u00e1 za mo\u017enos\u0165 spozna\u0165 to\u013eko in\u0161pirat\u00edvnych mlad\u00fdch \u013eud\u00ed, vymeni\u0165 si s\u00a0nimi n\u00e1zory a\u00a0sk\u00fasenosti a\u00a0spolo\u010dne sa nau\u010di\u0165 nie\u010do nov\u00e9.\u00a0 \u010eakujem v\u0161etk\u00fdm z\u00fa\u010dastnen\u00fdm za nezabudnute\u013en\u00e9 dobrodru\u017estvo a\u00a0za to, \u017ee mi uk\u00e1zali \u010daro Erasmus+ projektov.\u201c<br \/>\nFlo: \u201eSom v\u010fa\u010dn\u00fd za mo\u017enos\u0165 stretn\u00fa\u0165 tak ve\u013ea in\u0161pirat\u00edvnych osobnost\u00ed po\u010das tejto ml\u00e1de\u017en\u00edckej v\u00fdmeny. Bolo \u00fa\u017easn\u00e9 po\u010d\u00fava\u0165 ich pr\u00edbehy a\u00a0nau\u010di\u0165 sa viac o\u00a0rozdieloch a\u00a0podobnostiach na\u0161ich kult\u00far.\u201c<br \/>\nMi\u0161o: \u201eTento t\u00fd\u017ede\u0148 bol pln\u00fd mnoh\u00fdch inform\u00e1ci\u00ed a pozit\u00edvnych za\u017eitkov. Okrem toho, \u017ee som z\u00edskal nov\u00e9 poznatky z oboru \u017eurnalistiky a eur\u00f3pskych zale\u017eitost\u00ed a probl\u00e9mov, z\u00e1rove\u0148 som mal pr\u00edle\u017eitos\u0165 spozna\u0165 nov\u00fdch \u013eud\u00ed z r\u00f4znych k\u00fatov Eur\u00f3pskej \u00fanie. Odpor\u00fa\u010dam ka\u017ed\u00e9mu, kto sa zauj\u00edma o dianie v spolo\u010dnosti a sna\u017e\u00ed sa h\u013eada\u0165 rie\u0161enia na spolo\u010densk\u00e9 probl\u00e9my a chce sa aj s in\u00fdmi podeli\u0165 o svoje postrehy.\u201c<br \/>\nSima: \u201ePo\u010das t\u00fdchto 7 dn\u00ed som spoznala neskuto\u010dne ve\u013ea skvel\u00fdch mlad\u00fdch \u013eud\u00ed. T\u00e1to v\u00fdmena ma nau\u010dila viac rozumie\u0165 \u017eurnalistike a p\u00edsaniu \u010dl\u00e1nkov na dan\u00e9 t\u00e9my, tak ako aj vytv\u00e1raniu vide\u00ed a spolupraci s ostatn\u00fdmi.&#8220;<br \/>\nVer\u010da: \u201eNikomu never! Aj najzlat\u0161\u00ed \u010dlovek \u0165a m\u00f4\u017ee zabi\u0165&#8230; na\u0161\u0165astie iba v\u00a0hre :D.\u201c<br \/>\n\u201eZ\u00e1\u017eitky z Litvy si ka\u017ed\u00fd z n\u00e1s donesie domov a ulo\u017e\u00ed v pam\u00e4ti ako zlat\u00fd poklad, na ktor\u00fd budeme s rados\u0165ou spom\u00edna\u0165. Koho sme tam spoznali, \u010do sme videli, ako sme pracovali, to v\u0161etko n\u00e1m pom\u00f4\u017ee v na\u0161ej bud\u00facnosti sta\u0165 sa lep\u0161\u00edmi \u013eu\u010fmi a d\u00e1 n\u00e1m to gur\u00e1\u017e splni\u0165 si svoje sny. V\u00fdmena v\u00a0\u013eu\u010foch vzbudila chu\u0165 by\u0165 novin\u00e1rmi \/ novin\u00e1rkami a t\u00fdm lep\u0161ie spozna\u0165 seba sam\u00e9ho. \u010eakujem za t\u00fato pr\u00edle\u017eitos\u0165, ktor\u00fa som dostala od DofE. D\u00fafam \u017ee sa e\u0161te raz v\u0161etci stretneme\u201c<br \/>\nDada: \u201eCel\u00fd t\u00fd\u017ede\u0148 mi priniesol nielen \u00fa\u017easn\u00fd pocit z prostredia mimo civiliz\u00e1cie, na samote, obkolesenej lesmi a jazerami, ale aj spoznanie \u00fa\u017easn\u00fdch a \u0161ikovn\u00fdch mlad\u00fdch \u013eud\u00ed, a to nielen zo Slovenska. Uk\u00e1zal mi, \u017ee hoci bol v\u00fdmenn\u00fd program zameran\u00fd na pr\u00e1cu z oblasti \u017eurnalistiky, st\u00e1le ako u\u010dite\u013e pracujem s de\u0165mi a je jedno ak\u00fd maj\u00fa vek, st\u00e1le sa radi zab\u00e1vaj\u00fa r\u00f4znymi aktivitami, hrami v skupine a rozd\u00e1vaj\u00fa rados\u0165 okolo seba. \u010eakujem.\u201c<br \/>\n<img loading=\"lazy\" decoding=\"async\" class=\"wp-image-1184 alignleft\" src=\"https:\/\/noa.bart.sk\/wp-content\/uploads\/39216150_1654642097973865_4379060616761966592_n-300x225.jpg\" alt=\"39216150_1654642097973865_4379060616761966592_n\" width=\"176\" height=\"132\" srcset=\"https:\/\/noa.bart.sk\/wp-content\/uploads\/39216150_1654642097973865_4379060616761966592_n-300x225.jpg 300w, https:\/\/noa.bart.sk\/wp-content\/uploads\/39216150_1654642097973865_4379060616761966592_n-80x60.jpg 80w, https:\/\/noa.bart.sk\/wp-content\/uploads\/39216150_1654642097973865_4379060616761966592_n-768x576.jpg 768w, https:\/\/noa.bart.sk\/wp-content\/uploads\/39216150_1654642097973865_4379060616761966592_n-1024x768.jpg 1024w, https:\/\/noa.bart.sk\/wp-content\/uploads\/39216150_1654642097973865_4379060616761966592_n.jpg 1280w\" sizes=\"(max-width: 176px) 100vw, 176px\" \/>Ve\u013ek\u00e9 \u010eAKUJEME patr\u00ed litovsk\u00e9mu Dofe za realiz\u00e1ciu cel\u00e9ho Erasmus+ projektu a slovensk\u00e9mu DofE za pr\u00edle\u017eitos\u0165 z\u00fa\u010dastni\u0165 sa na v\u00fdmene.<\/p>\n<p>&nbsp;<\/p>\n<p>Simona<\/p>\n","protected":false},"excerpt":{"rendered":"<p>Ml\u00e1de\u017en\u00edcka v\u00fdmena\u00a0 \u201eSharp mind-strong voice\u201c \u2013 synonymum pre 7 dn\u00ed pln\u00fdch \u017eurnalistiky, diskusi\u00ed na r\u00f4zne t\u00e9my, z\u00e1\u017eitkov, z\u00e1bavy a\u00a0nezabudnute\u013en\u00fdch spomienok s\u00a0\u013eu\u010fmi zo \u0161tyroch kraj\u00edn Eur\u00f3py. D\u0148a 29.7.2018, 04:00 za\u010d\u00edname na\u0161e&hellip;<\/p>\n","protected":false},"author":2,"featured_media":0,"comment_status":"open","ping_status":"open","sticky":false,"template":"","format":"standard","meta":{"footnotes":""},"categories":[1],"tags":[],"_links":{"self":[{"href":"https:\/\/noa.bart.sk\/index.php\/wp-json\/wp\/v2\/posts\/1174"}],"collection":[{"href":"https:\/\/noa.bart.sk\/index.php\/wp-json\/wp\/v2\/posts"}],"about":[{"href":"https:\/\/noa.bart.sk\/index.php\/wp-json\/wp\/v2\/types\/post"}],"author":[{"embeddable":true,"href":"https:\/\/noa.bart.sk\/index.php\/wp-json\/wp\/v2\/users\/2"}],"replies":[{"embeddable":true,"href":"https:\/\/noa.bart.sk\/index.php\/wp-json\/wp\/v2\/comments?post=1174"}],"version-history":[{"count":1,"href":"https:\/\/noa.bart.sk\/index.php\/wp-json\/wp\/v2\/posts\/1174\/revisions"}],"predecessor-version":[{"id":1186,"href":"https:\/\/noa.bart.sk\/index.php\/wp-json\/wp\/v2\/posts\/1174\/revisions\/1186"}],"wp:attachment":[{"href":"https:\/\/noa.bart.sk\/index.php\/wp-json\/wp\/v2\/media?parent=1174"}],"wp:term":[{"taxonomy":"category","embeddable":true,"href":"https:\/\/noa.bart.sk\/index.php\/wp-json\/wp\/v2\/categories?post=1174"},{"taxonomy":"post_tag","embeddable":true,"href":"https:\/\/noa.bart.sk\/index.php\/wp-json\/wp\/v2\/tags?post=1174"}],"curies":[{"name":"wp","href":"https:\/\/api.w.org\/{rel}","templated":true}]}}