{"id":1169,"date":"2018-07-02T20:28:25","date_gmt":"2018-07-02T18:28:25","guid":{"rendered":"http:\/\/noa.bart.sk\/?p=1169"},"modified":"2018-07-02T20:28:25","modified_gmt":"2018-07-02T18:28:25","slug":"stretnutie-dofakov-v-bratislave-kvoli-vymennemu-pobytu-v-litve","status":"publish","type":"post","link":"https:\/\/noa.bart.sk\/index.php\/2018\/07\/02\/stretnutie-dofakov-v-bratislave-kvoli-vymennemu-pobytu-v-litve\/","title":{"rendered":"Stretnutie Dof\u00e1kov v Bratislave kv\u00f4li v\u00fdmenn\u00e9mu pobytu v Litve"},"content":{"rendered":"<p><img loading=\"lazy\" decoding=\"async\" class=\"wp-image-1171 alignleft\" src=\"https:\/\/noa.bart.sk\/wp-content\/uploads\/36555223_2037560669612151_4602942551639457792_n-169x300.png\" alt=\"36555223_2037560669612151_4602942551639457792_n\" width=\"75\" height=\"133\" srcset=\"https:\/\/noa.bart.sk\/wp-content\/uploads\/36555223_2037560669612151_4602942551639457792_n-169x300.png 169w, https:\/\/noa.bart.sk\/wp-content\/uploads\/36555223_2037560669612151_4602942551639457792_n-45x80.png 45w, https:\/\/noa.bart.sk\/wp-content\/uploads\/36555223_2037560669612151_4602942551639457792_n-768x1365.png 768w, https:\/\/noa.bart.sk\/wp-content\/uploads\/36555223_2037560669612151_4602942551639457792_n-576x1024.png 576w, https:\/\/noa.bart.sk\/wp-content\/uploads\/36555223_2037560669612151_4602942551639457792_n.png 1080w\" sizes=\"(max-width: 75px) 100vw, 75px\" \/>V\u010faka projektu DofE som mala t\u00fa mo\u017enos\u0165 prihl\u00e1si\u0165 sa do v\u00fdberu dof\u00e1kov, ktor\u00ed v\u00a0lete pocestuj\u00fa do Litvy. Hlavn\u00fdm cie\u013eom tejto v\u00fdmeny je stretnutie mlad\u00fdch \u013eud\u00ed z Eur\u00f3py, u\u010denie sa nov\u00fdch vec\u00ed na konkr\u00e9tnych t\u00e9mach, re\u0161pektovanie in\u00fdch kult\u00far a rozmanitosti, rozv\u00edjanie kompetenci\u00ed. Hlavnou t\u00e9mou bude hlavne \u017eurnalistika a dopad m\u00e9di\u00ed na na\u0161u spolo\u010dnos\u0165.<!--more--><\/p>\n<p>&nbsp;<\/p>\n<ol start=\"21\">\n<li>j\u00fana 2018<\/li>\n<\/ol>\n<p>S\u00edce to bolo tesne pred mojou maturitou, v\u0161etko som zvl\u00e1dla \u013eavou zadnou. O\u00a0\u0161tvrtej r\u00e1no mi vo \u0161tvrtok odch\u00e1dzal vlak do Popradu, kde ma u\u017e \u010dakal ved\u00faci v\u00fdchodu DofE, aby ma vyzdvihol. Spolo\u010dne sme cestovali a\u017e do Podbrezovej, kde n\u00e1s \u010dakala moja kolegy\u0148a, ktor\u00e1 sa taktie\u017e z\u00fa\u010dastn\u00ed na \u00a0tejto v\u00fdmene. A\u00a0potom sme u\u017e cestovali za na\u0161\u00edm kone\u010dn\u00fdm cie\u013eom \u2013 do Bratislavy.<\/p>\n<p>Cesta bola s\u00edce unavuj\u00faca, no ja som sa te\u0161ila na moment, ke\u010f sa kone\u010dne v\u0161etci pokope stretneme. Okolo jeden\u00e1stej na obed sme dorazili do kancel\u00e1rie DofE v\u00a0Bratislave, kde sa konalo stretnutie. V\u0161etko bolo do bodky napl\u00e1novan\u00e9 s\u00a0presn\u00fdm \u010dasom za\u010diatku a\u00a0ukon\u010denia. Medzit\u00fdm sme mali aj obed\u0148aj\u0161iu prest\u00e1vku, po\u010das ktorej sme sa v\u0161etci spolo\u010dne vybrali na obed do jednej z\u00a0bratislavsk\u00fdch re\u0161taur\u00e1ci\u00ed.<\/p>\n<p>Ove\u013ea d\u00f4le\u017eitej\u0161ie bolo v\u0161ak pl\u00e1novanie na\u0161ej v\u00fdmeny. Mali sme nieko\u013eko povinnost\u00ed, ktor\u00e9 sme museli splni\u0165 e\u0161te predt\u00fdm, ako sa vyberieme do Litvy. Ke\u010f\u017ee toto nie je len tak\u00e1 dovolenka, museli sme si pripravi\u0165 prezent\u00e1cie, zauj\u00edmav\u00e9 hry, brainstorming, a storytelling, ktor\u00e9 odprezentujeme na\u0161im medzin\u00e1rodn\u00fdm \u201eDofE kolegom\u201c v\u00a0Litve na dan\u00fa t\u00e9mu a\u00a0odvetvie. \u00dalohy sme si \u00faspe\u0161ne rozdelili a\u00a0za\u010d\u00ednali pracova\u0165 na ich kreat\u00edvnom uskuto\u010dnen\u00ed. V\u0161etko si\u00a0 vy\u017eadovalo svoju snahu a\u00a0dostato\u010dn\u00fa trpezlivos\u0165.<\/p>\n<p>Taktie\u017e s\u00fa\u010das\u0165ou tohto stretnutia bolo obozn\u00e1mi\u0165 n\u00e1s o\u00a0v\u00fddavkoch, ktor\u00e9 sme boli povinn\u00ed uhradi\u0165. N\u00e1sledne inform\u00e1cie o\u00a0ceste, ko\u013eko v\u0161etko bude st\u00e1\u0165 a\u00a0ako n\u00e1m to oni n\u00e1sledne uhradia sp\u00e4\u0165. Na z\u00e1ver sme sa v\u0161etci rozl\u00fa\u010dili s\u00a0dohodou, \u017ee v\u0161etko dokon\u010d\u00edme do stanoven\u00e9ho term\u00ednu tesne pred na\u0161\u00edm odchodom do Litvy.<\/p>\n<p>Moje pocity z\u00a0tohto stretnutia boli \u00fa\u017easn\u00e9. Napriek tomu, \u017ee som bola unaven\u00e1 a\u00a0vy\u010derpan\u00e1 z cesty, v\u0161etko som s\u00a0\u00fasmevom zvl\u00e1dla a\u00a0namotivovane sa vracala domov. Dnes sa u\u017e neviem do\u010dka\u0165 na dokon\u010denie na\u0161ich pripravovan\u00fdch prezent\u00e1ci\u00ed a\u00a0projektov, taktie\u017e ako d\u0148a odchodu a\u00a0cel\u00e9ho t\u00fd\u017ed\u0148a str\u00e1ven\u00e9ho v\u00a0Litve!<\/p>\n<p><img loading=\"lazy\" decoding=\"async\" class=\"wp-image-1170 alignleft\" src=\"https:\/\/noa.bart.sk\/wp-content\/uploads\/36530562_2037560879612130_1695803133143285760_n-300x225.png\" alt=\"36530562_2037560879612130_1695803133143285760_n\" width=\"143\" height=\"107\" srcset=\"https:\/\/noa.bart.sk\/wp-content\/uploads\/36530562_2037560879612130_1695803133143285760_n-300x225.png 300w, https:\/\/noa.bart.sk\/wp-content\/uploads\/36530562_2037560879612130_1695803133143285760_n-80x60.png 80w, https:\/\/noa.bart.sk\/wp-content\/uploads\/36530562_2037560879612130_1695803133143285760_n-768x575.png 768w, https:\/\/noa.bart.sk\/wp-content\/uploads\/36530562_2037560879612130_1695803133143285760_n.png 960w\" sizes=\"(max-width: 143px) 100vw, 143px\" \/>Na obr\u00e1zku m\u00f4\u017eete vidie\u0165 m\u0148a a\u00a0\u010fal\u0161\u00edch piatich dof\u00e1kov, s\u00a0ktor\u00fdmi pocestujem do Litvy. Na pravej strane je Danka, na\u0161a ved\u00faca, ktor\u00e1 s\u00a0nami p\u00f4jde a\u00a0Janko, ktor\u00fd m\u00e1 na starosti tento projekt a\u00a0DofE v\u00fdchod. Po \u013eavej strane je zamestnanec\u00a0DofE a\u00a0Mari\u00e1n Zachar, spoluzakladate\u013e a riadite\u013e DofE.<\/p>\n<p>&nbsp;<\/p>\n<p>Simona<\/p>\n","protected":false},"excerpt":{"rendered":"<p>V\u010faka projektu DofE som mala t\u00fa mo\u017enos\u0165 prihl\u00e1si\u0165 sa do v\u00fdberu dof\u00e1kov, ktor\u00ed v\u00a0lete pocestuj\u00fa do Litvy. Hlavn\u00fdm cie\u013eom tejto v\u00fdmeny je stretnutie mlad\u00fdch \u013eud\u00ed z Eur\u00f3py, u\u010denie sa nov\u00fdch&hellip;<\/p>\n","protected":false},"author":2,"featured_media":0,"comment_status":"open","ping_status":"open","sticky":false,"template":"","format":"standard","meta":{"footnotes":""},"categories":[1],"tags":[],"_links":{"self":[{"href":"https:\/\/noa.bart.sk\/index.php\/wp-json\/wp\/v2\/posts\/1169"}],"collection":[{"href":"https:\/\/noa.bart.sk\/index.php\/wp-json\/wp\/v2\/posts"}],"about":[{"href":"https:\/\/noa.bart.sk\/index.php\/wp-json\/wp\/v2\/types\/post"}],"author":[{"embeddable":true,"href":"https:\/\/noa.bart.sk\/index.php\/wp-json\/wp\/v2\/users\/2"}],"replies":[{"embeddable":true,"href":"https:\/\/noa.bart.sk\/index.php\/wp-json\/wp\/v2\/comments?post=1169"}],"version-history":[{"count":1,"href":"https:\/\/noa.bart.sk\/index.php\/wp-json\/wp\/v2\/posts\/1169\/revisions"}],"predecessor-version":[{"id":1172,"href":"https:\/\/noa.bart.sk\/index.php\/wp-json\/wp\/v2\/posts\/1169\/revisions\/1172"}],"wp:attachment":[{"href":"https:\/\/noa.bart.sk\/index.php\/wp-json\/wp\/v2\/media?parent=1169"}],"wp:term":[{"taxonomy":"category","embeddable":true,"href":"https:\/\/noa.bart.sk\/index.php\/wp-json\/wp\/v2\/categories?post=1169"},{"taxonomy":"post_tag","embeddable":true,"href":"https:\/\/noa.bart.sk\/index.php\/wp-json\/wp\/v2\/tags?post=1169"}],"curies":[{"name":"wp","href":"https:\/\/api.w.org\/{rel}","templated":true}]}}