{"id":1045,"date":"2018-03-27T21:57:16","date_gmt":"2018-03-27T19:57:16","guid":{"rendered":"http:\/\/noa.bart.sk\/?p=1045"},"modified":"2018-03-27T21:57:16","modified_gmt":"2018-03-27T19:57:16","slug":"den-ucitelov","status":"publish","type":"post","link":"https:\/\/noa.bart.sk\/index.php\/2018\/03\/27\/den-ucitelov\/","title":{"rendered":"De\u0148 u\u010dite\u013eov"},"content":{"rendered":"<ol start=\"28\">\n<li>marec neodmyslite\u013ene patr\u00ed u\u010dite\u013eom, kedy spom\u00edname okrem in\u00e9ho na narodenie J\u00e1na Amosa Komensk\u00e9ho. Pod\u013ea UNESCa, ktor\u00e9 v\u00a0roku 1994 vyhl\u00e1silo za Svetov\u00fd de\u0148 u\u010dite\u013eov, ako pripomienku Charty u\u010dite\u013eov, 5. okt\u00f3ber. Je to men\u0161\u00ed paradox v\u00a0d\u00e1tumoch, ale podstatn\u00e9 je to, \u017ee si uctievame tak\u00fato n\u00e1dhern\u00fa spomienku a\u00a0funkciu t\u00fdchto \u013eud\u00ed. Alebo aspo\u0148 si spomenieme na na\u0161ich druh\u00fdch rodi\u010dov \u2013 vychov\u00e1vate\u013eov.<\/li>\n<\/ol>\n<p><!--more--><\/p>\n<p>T\u00fdmto \u010dl\u00e1nkom by som chcela upozorni\u0165 na d\u00f4le\u017eitos\u0165 tohto povolania. Po\u010fme pekne<\/p>\n<p>po poriadku. Ako prv\u00e9 si mus\u00edme uvedomi\u0165, \u017ee pr\u00e1ca u\u010dite\u013eov nie je \u013eahostajn\u00e1 \u010dinnos\u0165. Ve\u010f u\u010dia mlad\u00fdch, talentovan\u00fdch, ale aj leniv\u00fdch \u017eiakov. T\u00edto \u017eiaci m\u00f4\u017eu by\u0165 bud\u00facimi politikmi, novin\u00e1rmi, rodi\u010dmi, lek\u00e1rmi, ale aj robotn\u00edkmi v\u00a0z\u00e1vodoch a\u00a0podobne. V\u0161etky tieto funkcie maj\u00fa vplyv na na\u0161u bud\u00facnos\u0165 a\u00a0realiz\u00e1ciu n\u00e1\u0161ho malebn\u00e9ho \u0161t\u00e1tu. Kvalitn\u00e9 vyu\u010dovanie sa m\u00f4\u017ee uk\u00e1za\u0165 ako ve\u013emi prospe\u0161n\u00e9 v\u00a0\u017eivote a\u00a0v\u00a0pr\u00e1ci, ktor\u00fa budeme sk\u00f4r \u010di nesk\u00f4r vykon\u00e1va\u0165. \u0160kola sa st\u00e1va na\u0161\u00edm druh\u00fdm domovom. U\u017e od materskej \u0161k\u00f4lky sa stret\u00e1vame s\u00a0pedag\u00f3gmi a\u00a0u\u010dite\u013emi. Nesk\u00f4r sa n\u00e1m zmenia u\u010ditelia na z\u00e1kladnej \u0161kole na prvom a\u00a0druhom stupni. Potom tu m\u00e1me stredn\u00fa \u0161kolu, kde sa takisto stret\u00e1vame s\u00a0nov\u00fdmi tv\u00e1rami. A\u00a0nakoniec tu m\u00e1me vysok\u00fa \u0161kolu, ktor\u00e1 u\u017e nie je povinn\u00e1. Ak sa rozhodneme pre t\u00fato mo\u017enos\u0165, op\u00e4\u0165 sa stret\u00e1vame s\u00a0nov\u00fdmi u\u010dite\u013emi. Je to tak\u00fd men\u0161\u00ed kolobeh od n\u00e1\u0161ho detstva a\u017e po dospievanie. U\u010dite\u013e sa st\u00e1va pre niektor\u00fdch aj vzorom spr\u00e1vania sa a\u00a0vystupovania. Z\u00a0m\u00f4jho poh\u013eadu je neuverite\u013en\u00e9, \u017ee jeden u\u010dite\u013e dok\u00e1\u017ee da\u0165 do laty okolo tridsa\u0165 \u017eiakov v\u00a0jednej triede. Vedie\u0165 ich zauja\u0165, rozosmia\u0165 a\u00a0zozn\u00e1mi\u0165 ich s\u00a0faktami. Najm\u00e4 si v\u00e1\u017eim ich pevn\u00e9 nervy, av\u0161ak niektor\u00fdm, \u017eia\u013ebohu, ch\u00fdbaj\u00fa. Ako som na\u010drtla, n\u00e1jdu sa aj hor\u0161\u00ed u\u010ditelia a\u00a0na druhej strane lep\u0161\u00ed. Ka\u017ed\u00fd je svoj\u00edm sp\u00f4sobom v\u00a0tejto pr\u00e1ci individualitou a\u00a0pon\u00faka t\u00fdm svoje JA, aby n\u00e1m v\u0161tepil nov\u00e9 vedomosti, ktor\u00fdmi n\u00e1s m\u00f4\u017ee nie\u010do nov\u00e9 nau\u010di\u0165 jeho vlastnou met\u00f3dou.<\/p>\n<p>V\u010faka V\u00e1m, mil\u00ed u\u010ditelia, \u00a0m\u00f4\u017eeme prosperova\u0165 v\u00a0bud\u00facnosti. A\u00a0h\u013eada\u0165 sam\u00fdch seba v\u00a0r\u00f4znych odboroch. Je potrebn\u00e9, aby sme mali t\u00fdch najlep\u0161\u00edch u\u010dite\u013eov, ktor\u00ed vedia rozosmia\u0165 a\u00a0potr\u00e1pi\u0165 hlavy \u017eiakov.<\/p>\n<p>K\u00a0V\u00e1\u0161mu sviatku V\u00e1m na\u0161i u\u010ditelia srde\u010dne blaho\u017eel\u00e1me.<\/p>\n<p>&nbsp;<\/p>\n<p>Lenka<\/p>\n","protected":false},"excerpt":{"rendered":"<p>marec neodmyslite\u013ene patr\u00ed u\u010dite\u013eom, kedy spom\u00edname okrem in\u00e9ho na narodenie J\u00e1na Amosa Komensk\u00e9ho. Pod\u013ea UNESCa, ktor\u00e9 v\u00a0roku 1994 vyhl\u00e1silo za Svetov\u00fd de\u0148 u\u010dite\u013eov, ako pripomienku Charty u\u010dite\u013eov, 5. okt\u00f3ber. Je&hellip;<\/p>\n","protected":false},"author":2,"featured_media":0,"comment_status":"open","ping_status":"open","sticky":false,"template":"","format":"standard","meta":{"footnotes":""},"categories":[1],"tags":[],"_links":{"self":[{"href":"https:\/\/noa.bart.sk\/index.php\/wp-json\/wp\/v2\/posts\/1045"}],"collection":[{"href":"https:\/\/noa.bart.sk\/index.php\/wp-json\/wp\/v2\/posts"}],"about":[{"href":"https:\/\/noa.bart.sk\/index.php\/wp-json\/wp\/v2\/types\/post"}],"author":[{"embeddable":true,"href":"https:\/\/noa.bart.sk\/index.php\/wp-json\/wp\/v2\/users\/2"}],"replies":[{"embeddable":true,"href":"https:\/\/noa.bart.sk\/index.php\/wp-json\/wp\/v2\/comments?post=1045"}],"version-history":[{"count":1,"href":"https:\/\/noa.bart.sk\/index.php\/wp-json\/wp\/v2\/posts\/1045\/revisions"}],"predecessor-version":[{"id":1046,"href":"https:\/\/noa.bart.sk\/index.php\/wp-json\/wp\/v2\/posts\/1045\/revisions\/1046"}],"wp:attachment":[{"href":"https:\/\/noa.bart.sk\/index.php\/wp-json\/wp\/v2\/media?parent=1045"}],"wp:term":[{"taxonomy":"category","embeddable":true,"href":"https:\/\/noa.bart.sk\/index.php\/wp-json\/wp\/v2\/categories?post=1045"},{"taxonomy":"post_tag","embeddable":true,"href":"https:\/\/noa.bart.sk\/index.php\/wp-json\/wp\/v2\/tags?post=1045"}],"curies":[{"name":"wp","href":"https:\/\/api.w.org\/{rel}","templated":true}]}}