{"id":1023,"date":"2018-02-19T19:48:25","date_gmt":"2018-02-19T17:48:25","guid":{"rendered":"http:\/\/noa.bart.sk\/?p=1023"},"modified":"2018-02-20T20:20:46","modified_gmt":"2018-02-20T18:20:46","slug":"zastavme-zlo-z-istanbulu","status":"publish","type":"post","link":"https:\/\/noa.bart.sk\/index.php\/2018\/02\/19\/zastavme-zlo-z-istanbulu\/","title":{"rendered":"Zastavme zlo z Istanbulu"},"content":{"rendered":"<ol start=\"17\">\n<li>febru\u00e1ra som sa z\u00fa\u010dastnila na Slovenskom dohovore za rodinu, kde som sa podp\u00edsala do h\u00e1rku pet\u00edcie proti Istanbulsk\u00e9mu dohovoru. Konalo sa to v\u00a0kostole sv. Antona Padu\u00e1nskeho o 13:30, v\u00a0ktorom predn\u00e1\u0161ali:<\/li>\n<\/ol>\n<p><img loading=\"lazy\" decoding=\"async\" class=\"wp-image-1025 alignleft\" src=\"https:\/\/noa.bart.sk\/wp-content\/uploads\/l1-300x137.png\" alt=\"l1\" width=\"184\" height=\"84\" srcset=\"https:\/\/noa.bart.sk\/wp-content\/uploads\/l1-300x137.png 300w, https:\/\/noa.bart.sk\/wp-content\/uploads\/l1-80x37.png 80w, https:\/\/noa.bart.sk\/wp-content\/uploads\/l1-768x351.png 768w, https:\/\/noa.bart.sk\/wp-content\/uploads\/l1-1024x468.png 1024w, https:\/\/noa.bart.sk\/wp-content\/uploads\/l1.png 2048w\" sizes=\"(max-width: 184px) 100vw, 184px\" \/><!--more--><\/p>\n<p>&nbsp;<\/p>\n<ul>\n<li>MGR. O. MARI\u00c1N KUFFA, DR.H.C. \u2013 Predstaven\u00fd in\u0161tit\u00fatu Krista Ve\u013ek\u0148aza<\/li>\n<li>MGR. ANTON CHROM\u00cdK, PHD. \u2013 Predseda Aliancie za rodinu<\/li>\n<li>MGR. PHDR. PAVOL VIL\u010cEK \u2013 Diec\u00e9zny riadite\u013e Spi\u0161skej katol\u00edckej charity<\/li>\n<\/ul>\n<p>&nbsp;<\/p>\n<p>Navy\u0161e sa na tejto skvelej predn\u00e1\u0161ke z\u00fa\u010dastnil aj b\u00fdval\u00fd poslanec KDH, poslanec N\u00e1rodnej rady SR a\u00a0b\u00fdval\u00fd minister vn\u00fatra SR Vladim\u00edr Palko.<\/p>\n<p><strong><em>\u010co hovor\u00ed Slovensk\u00fd dohovor za rodinu?<\/em><\/strong><\/p>\n<p><img loading=\"lazy\" decoding=\"async\" class=\"wp-image-1026 alignleft\" src=\"https:\/\/noa.bart.sk\/wp-content\/uploads\/l2-300x225.png\" alt=\"l2\" width=\"227\" height=\"170\" srcset=\"https:\/\/noa.bart.sk\/wp-content\/uploads\/l2-300x225.png 300w, https:\/\/noa.bart.sk\/wp-content\/uploads\/l2-80x60.png 80w, https:\/\/noa.bart.sk\/wp-content\/uploads\/l2.png 480w\" sizes=\"(max-width: 227px) 100vw, 227px\" \/>Ka\u017ed\u00e1 obe\u0165 n\u00e1silia si zasl\u00fa\u017ei rovnak\u00fa ochranu! Odmietame rodov\u00fa ideol\u00f3giu, ktor\u00fa chce vn\u00fati\u0165 Istanbulsk\u00fd dohovor\u00a0do \u0161k\u00f4l. Nikto nem\u00e1 pr\u00e1vo experimentova\u0165 na na\u0161ich de\u0165och. Viac ako 340 lek\u00e1rov, psychol\u00f3gov, sociol\u00f3gov a\u00a0\u010fal\u0161\u00edch odborn\u00edkov protestovalo proti\u00a0<a href=\"https:\/\/rodovescitlivovanie.wordpress.com\/\">zav\u00e1dzaniu \u201erodov\u00e9ho scitlivovania\u201c det\u00ed<\/a>\u00a0do \u0161k\u00f4l. Experimentovanie s du\u0161evn\u00fdm v\u00fdvojom die\u0165a\u0165a je nepr\u00edpustn\u00e9! Mu\u017e je mu\u017e a\u00a0\u017eena je \u017eena, lebo sa tak\u00ed narodili.\u00a0 Mu\u017e a\u00a0\u017eena sa vz\u00e1jomne dop\u013a\u0148aj\u00fa a\u00a0obohacuj\u00fa.<\/p>\n<p>Rod si nevyber\u00e1m pod\u013ea toho, ako sa c\u00edtim.\u00a0Ideol\u00f3gia, ktor\u00e1 sa tv\u00e1ri, \u017ee pohlavie m\u00f4\u017eem ma\u0165 opa\u010dn\u00e9 ako rod, je vedecky nezmyseln\u00e1 preto\u017ee rod nie je len \u201es\u00fabor rol\u00ed\u201c, \u010di \u201esoci\u00e1lny kon\u0161trukt\u201c, ktor\u00fd nem\u00e1 s\u00favis s\u00a0biologick\u00fdm pohlav\u00edm, a\u00a0preto:<\/p>\n<ul>\n<li>odmietame, aby sa na\u0161e deti na v\u0161etk\u00fdch stup\u0148och \u0161k\u00f4l u\u010dili tzv. \u201enestereotypn\u00fdm\u201c rol\u00e1m a odmietame snahu vykoreni\u0165 tzv. \u201estereotypn\u00e9\u201c roly;<\/li>\n<li>odmietame, aby V\u00fdbor GREVIO zalo\u017een\u00fd Istanbulsk\u00fdm dohovorom dostal pr\u00e1vo vyklada\u0165 \u010do bude \u201estereotyp\u201c,<\/li>\n<li>odmietame cie\u013e Dohovoru: odstra\u0148ova\u0165 trad\u00edcie zalo\u017een\u00e9 na stereotypn\u00fdch rol\u00e1ch mu\u017eov a\u00a0\u017eien. Stereotypy nie s\u00fa v\u017edy nie\u010do zl\u00e9. \u013dudov\u00e9 trad\u00edcie, ve\u013ekono\u010dn\u00e9 zvyky \u010di \u013eudov\u00e9 tance, ktor\u00e9 s\u00fa zalo\u017een\u00e9 na stereotypn\u00fdch rol\u00e1ch mu\u017eov a\u00a0\u017eien, spolutvoria na\u0161e historick\u00e9 bohatstvo a\u00a0n\u00e1rodn\u00fa identitu. Sme suver\u00e9nny \u0161t\u00e1t a nemienime o\u00a0t\u00fdchto stereotypoch debatova\u0165 s\u00a0nejak\u00fdm v\u00fdborom GREVIO.<\/li>\n<li>odmietame zav\u00e1dzanie tzv. \u201erodovej identity\u201c nez\u00e1vislej od pohlavia do legislat\u00edvy SR.<\/li>\n<\/ul>\n<p><strong><em>Ako m\u00f4\u017ee\u0161 pom\u00f4c\u0165?<\/em><\/strong><\/p>\n<p>Sta\u010d\u00ed ak sa podp\u00ed\u0161e\u0161 na Peti\u010dn\u00fd h\u00e1rok \u2013 Slovensk\u00fd dohovor za rodinu, ktor\u00fd bude dole na vr\u00e1tnici a\u00a0priamo u\u00a0m\u0148a. Ak si veriaci m\u00f4\u017ee\u0161 sa z\u00fa\u010dastni\u0165 na om\u0161i o\u00a016:30 v piatok v\u00a0kostole sv. Antona Pedu\u00e1nskeho na Hlavnej 81, Ko\u0161ice. A\u00a0po om\u0161i sa uskuto\u010dn\u00ed svie\u010dkov\u00fd pochod mestom k \u00dastavn\u00e9mu s\u00fadu, kde sa pre\u010d\u00edta\u00a0<a href=\"http:\/\/slovenskydohovorzarodinu.sk\/vyhlasenie-iniciativy-slovensky-dohovor-za-rodinu\/\">Vyhl\u00e1senie Iniciat\u00edvy \u201eSlovensk\u00fd dohovor za rodinu\u201c<\/a>.<\/p>\n<p>&nbsp;<\/p>\n<p>SKVEL\u00c9 VIDEO: <a href=\"http:\/\/slovenskydohovorzarodinu.sk\/oops-toto-ze-je-istanbulsky-dohovor-robis-si-srandu\/\">http:\/\/slovenskydohovorzarodinu.sk\/oops-toto-ze-je-istanbulsky-dohovor-robis-si-srandu\/<\/a><\/p>\n<p>&nbsp;<\/p>\n<p>Lenka<\/p>\n","protected":false},"excerpt":{"rendered":"<p>febru\u00e1ra som sa z\u00fa\u010dastnila na Slovenskom dohovore za rodinu, kde som sa podp\u00edsala do h\u00e1rku pet\u00edcie proti Istanbulsk\u00e9mu dohovoru. Konalo sa to v\u00a0kostole sv. Antona Padu\u00e1nskeho o 13:30, v\u00a0ktorom predn\u00e1\u0161ali:<\/p>\n","protected":false},"author":2,"featured_media":0,"comment_status":"open","ping_status":"open","sticky":false,"template":"","format":"standard","meta":{"footnotes":""},"categories":[26],"tags":[],"_links":{"self":[{"href":"https:\/\/noa.bart.sk\/index.php\/wp-json\/wp\/v2\/posts\/1023"}],"collection":[{"href":"https:\/\/noa.bart.sk\/index.php\/wp-json\/wp\/v2\/posts"}],"about":[{"href":"https:\/\/noa.bart.sk\/index.php\/wp-json\/wp\/v2\/types\/post"}],"author":[{"embeddable":true,"href":"https:\/\/noa.bart.sk\/index.php\/wp-json\/wp\/v2\/users\/2"}],"replies":[{"embeddable":true,"href":"https:\/\/noa.bart.sk\/index.php\/wp-json\/wp\/v2\/comments?post=1023"}],"version-history":[{"count":2,"href":"https:\/\/noa.bart.sk\/index.php\/wp-json\/wp\/v2\/posts\/1023\/revisions"}],"predecessor-version":[{"id":1029,"href":"https:\/\/noa.bart.sk\/index.php\/wp-json\/wp\/v2\/posts\/1023\/revisions\/1029"}],"wp:attachment":[{"href":"https:\/\/noa.bart.sk\/index.php\/wp-json\/wp\/v2\/media?parent=1023"}],"wp:term":[{"taxonomy":"category","embeddable":true,"href":"https:\/\/noa.bart.sk\/index.php\/wp-json\/wp\/v2\/categories?post=1023"},{"taxonomy":"post_tag","embeddable":true,"href":"https:\/\/noa.bart.sk\/index.php\/wp-json\/wp\/v2\/tags?post=1023"}],"curies":[{"name":"wp","href":"https:\/\/api.w.org\/{rel}","templated":true}]}}